{"id":76,"date":"2025-10-15T22:42:04","date_gmt":"2025-10-16T03:42:04","guid":{"rendered":"https:\/\/depilacionlaser.pe\/blog\/?p=76"},"modified":"2025-10-15T22:42:05","modified_gmt":"2025-10-16T03:42:05","slug":"depilacion-laser-en-zonas-delicadas","status":"publish","type":"post","link":"https:\/\/depilacionlaser.pe\/blog\/depilacion-laser-en-zonas-delicadas\/","title":{"rendered":"Depilaci\u00f3n l\u00e1ser en zonas delicadas: Cara, axilas e ingle, \u00bfDuele igual?"},"content":{"rendered":"\n<p>La <strong>depilaci\u00f3n l\u00e1ser en zonas delicadas<\/strong> es una de las consultas m\u00e1s frecuentes en cl\u00ednicas de est\u00e9tica. Muchas personas se preguntan si <strong>duele lo mismo<\/strong> en la <strong>cara<\/strong>, <strong>axilas<\/strong> o <strong>ingle<\/strong>, o si algunas \u00e1reas son m\u00e1s sensibles que otras. En este art\u00edculo, explicaremos con alto nivel de detalle c\u00f3mo funciona el dolor seg\u00fan la zona, qu\u00e9 influye en la sensibilidad, c\u00f3mo mitigar molestias y por qu\u00e9 tratamientos como <a href=\"https:\/\/depilacionlaser.pe\/depilacion-laser-avanzado\/\"><strong>Depilaci\u00f3n L\u00e1ser Soprano<\/strong><\/a> o servicios ofrecidos por <strong>Est\u00e9tica M\u00e9ndez<\/strong> se destacan en el mercado.<\/p>\n\n\n\n<h2 class=\"wp-block-heading\"><strong>1. \u00bfPor qu\u00e9 algunas zonas duelen m\u00e1s que otras?<\/strong><\/h2>\n\n\n\n<p>El nivel de dolor en la depilaci\u00f3n l\u00e1ser depende de varios factores:<\/p>\n\n\n\n<ul class=\"wp-block-list\">\n<li><strong>Densidad folicular<\/strong>: En zonas con m\u00e1s fol\u00edculos por cent\u00edmetro cuadrado (como la ingle), la sensaci\u00f3n puede intensificarse.<\/li>\n\n\n\n<li><strong>Grosor del pelo<\/strong>: Los pelos m\u00e1s gruesos absorben m\u00e1s energ\u00eda, y eso puede aumentar la sensaci\u00f3n de calor o pinchazo.<\/li>\n\n\n\n<li><strong>Sensibilidad de la piel<\/strong>: Algunas zonas tienen m\u00e1s terminaciones nerviosas (labio superior, ingles internas), lo que amplifica las sensaciones.<\/li>\n\n\n\n<li><strong>Tipo de l\u00e1ser y tecnolog\u00eda utilizada<\/strong>: Equipos m\u00e1s modernos disipan mejor la energ\u00eda y reducen molestias.<\/li>\n\n\n\n<li><strong>Experiencia del operador<\/strong>: Un t\u00e9cnico experto ajusta par\u00e1metros \u00f3ptimos para tratar con menor incomodidad.<br><\/li>\n<\/ul>\n\n\n\n<p>Por ejemplo, al tratar la zona del <strong>labio superior<\/strong> o la regi\u00f3n <strong>perianal<\/strong>, el dolor puede sentirse m\u00e1s intenso, mientras que las <strong>axilas<\/strong> suelen tolerarse mejor por tener piel m\u00e1s gruesa y menor densidad de terminaciones.<\/p>\n\n\n\n<h2 class=\"wp-block-heading\"><strong>2. Comparativa de dolor por zona: cara, axilas e ingle<\/strong><\/h2>\n\n\n\n<h3 class=\"wp-block-heading\"><strong>2.1 Cara (labio superior, ment\u00f3n, patillas)<\/strong><\/h3>\n\n\n\n<ul class=\"wp-block-list\">\n<li><strong>Sensaci\u00f3n esperada<\/strong>: leve punzada o calor r\u00e1pido.<\/li>\n\n\n\n<li><strong>Intensidad<\/strong>: media, en especial en labio superior donde la piel es fina.<\/li>\n\n\n\n<li><strong>Recomendaciones<\/strong>: aplicar crema anest\u00e9sica 30\u201360 minutos antes y programar sesiones cuando la piel no est\u00e9 irritada.<\/li>\n\n\n\n<li><strong>Duraci\u00f3n del efecto<\/strong>: cada pulso es muy breve; el malestar desaparece al instante.<br><\/li>\n<\/ul>\n\n\n\n<h3 class=\"wp-block-heading\"><strong>2.2 Axilas<\/strong><\/h3>\n\n\n\n<ul class=\"wp-block-list\">\n<li><strong>Sensaci\u00f3n esperada<\/strong>: calor con un leve pellizco; muchas personas lo toleran bien.<\/li>\n\n\n\n<li><strong>Intensidad<\/strong>: baja a media, seg\u00fan el grosor del vello.<\/li>\n\n\n\n<li><strong>Particularidad<\/strong>: la sudoraci\u00f3n genera un entorno poco c\u00f3modo, por lo que se recomienda acudir a la sesi\u00f3n en un estado fresco, sin maquillaje ni desodorante.<\/li>\n\n\n\n<li><strong>Ventaja<\/strong>: al haber menos terminaciones sensibles comparado con la cara, muchas personas consideran esta zona de las m\u00e1s \u201cf\u00e1ciles\u201d.<br><\/li>\n<\/ul>\n\n\n\n<h3 class=\"wp-block-heading\"><strong>2.3 Ingle (zona \u00edntima)<\/strong><\/h3>\n\n\n\n<ul class=\"wp-block-list\">\n<li><strong>Sensaci\u00f3n esperada<\/strong>: puede sentirse m\u00e1s intenso, especialmente en la zona interna o cerca del pliegue entre piernas.<\/li>\n\n\n\n<li><strong>Intensidad<\/strong>: media a alta, dependiendo de sensibilidad personal y experiencia del operador.<\/li>\n\n\n\n<li><strong>Recomendaciones<\/strong>: comunicar al t\u00e9cnico si se siente dolor agudo; pausar o bajar la intensidad si es necesario.<\/li>\n\n\n\n<li><strong>Precauciones<\/strong>: usar ropa c\u00f3moda despu\u00e9s para evitar fricci\u00f3n, hidratar bien la zona post sesi\u00f3n.<br><\/li>\n<\/ul>\n\n\n\n<p>En resumen: aunque se experimenta dolor en las tres zonas, <strong>la ingle suele sentirse m\u00e1s intensa<\/strong>, seguida de la cara y luego las axilas.<\/p>\n\n\n\n<h2 class=\"wp-block-heading\"><strong>3. C\u00f3mo reducir el dolor durante la depilaci\u00f3n l\u00e1ser<\/strong><\/h2>\n\n\n\n<p>Para que la experiencia sea lo m\u00e1s c\u00f3moda posible, sugerimos:<\/p>\n\n\n\n<ul class=\"wp-block-list\">\n<li><strong>Crema anest\u00e9sica t\u00f3pica<\/strong> de venta profesional (consultar con la cl\u00ednica).<\/li>\n\n\n\n<li><strong>Enfriamiento de la piel<\/strong>: con sistemas integrados en equipos l\u00e1ser modernos (criol\u00e1ser).<\/li>\n\n\n\n<li><strong>Respiraci\u00f3n controlada y relajaci\u00f3n<\/strong>: respirar profundo en el momento del pulso ayuda a canalizar la sensaci\u00f3n.<\/li>\n\n\n\n<li><strong>Paradas estrat\u00e9gicas<\/strong>: el t\u00e9cnico puede pausar para permitir recuperaci\u00f3n.<\/li>\n\n\n\n<li><strong>Evitar bru\u00f1idos cut\u00e1neos<\/strong>: no exponerse al sol intenso d\u00edas antes ni despu\u00e9s del tratamiento.<\/li>\n\n\n\n<li><strong>Mantener la piel hidratada<\/strong> y libre de irritaciones.<\/li>\n\n\n\n<li><strong>Comunicaci\u00f3n constante<\/strong> con el especialista para ajustar par\u00e1metros si el dolor es excesivo.<br><\/li>\n<\/ul>\n\n\n\n<p>Los centros que usan tecnolog\u00eda avanzada, como <strong>Depilaci\u00f3n L\u00e1ser Soprano<\/strong>, incorporan enfriamiento din\u00e1mico y modos de pulso graduables que minimizan las molestias incluso en zonas muy sensibles.<\/p>\n\n\n\n<h2 class=\"wp-block-heading\"><strong>4. Tecnolog\u00eda avanzada: \u00bfqu\u00e9 aporta Depilaci\u00f3n L\u00e1ser Soprano?<\/strong><\/h2>\n\n\n\n<p>La l\u00ednea <strong>Soprano<\/strong> (por ejemplo Soprano ICE, Soprano Titanium) es reconocida por su <strong>modo de barrido progresivo<\/strong>, enfriamiento activo y <strong>capacidad de tratar diferentes fototipos de piel<\/strong> con menor dolor. Estos equipos aplican pulsos fraccionados y repetitivos a baja energ\u00eda, disminuyendo la sensaci\u00f3n de impacto.<\/p>\n\n\n\n<p>Para centros como <strong>Est\u00e9tica M\u00e9ndez<\/strong>, que adoptan con la tecnolog\u00eda l\u00e1ser de Soprano, esto significa:<\/p>\n\n\n\n<ul class=\"wp-block-list\">\n<li><strong>Menos molestias<\/strong> incluso en zonas tradicionales de malestar.<\/li>\n\n\n\n<li><strong>Menos sesiones<\/strong> al adaptar par\u00e1metros al vello y piel del paciente.<\/li>\n\n\n\n<li><strong>Seguridad aumentada<\/strong> para pieles oscuras o fototipos altos.<\/li>\n\n\n\n<li><strong>Uniformidad de resultados<\/strong>, evitando zonas sin tratar ni sobretratamientos.<br><\/li>\n<\/ul>\n\n\n\n<p>Por eso, muchas personas prefieren acudir a cl\u00ednicas que ofrecen Soprano frente a l\u00e1seres m\u00e1s antiguos: la experiencia es m\u00e1s tolerable y eficiente.<\/p>\n\n\n\n<h2 class=\"wp-block-heading\"><strong>5. Experiencia de Est\u00e9tica M\u00e9ndez: calidad, seguridad y confort<\/strong><\/h2>\n\n\n\n<p><strong>Est\u00e9tica M\u00e9ndez<\/strong> se distingue por:<\/p>\n\n\n\n<ul class=\"wp-block-list\">\n<li><strong>T\u00e9cnicos certificados<\/strong> con a\u00f1os de experiencia que saben calibrar intensidad acorde a las zonas m\u00e1s delicadas.<\/li>\n\n\n\n<li><strong>Equipos de vanguardia<\/strong>, especialmente tecnolog\u00eda Soprano, combinando eficacia y menor dolor.<\/li>\n\n\n\n<li><strong>Protocolos personalizados<\/strong> seg\u00fan tipo de piel, grosor de vello y zona a tratar.<\/li>\n\n\n\n<li><strong>Atenci\u00f3n continua al paciente<\/strong>, permitiendo ajustes y pausas para optimizar comodidad.<\/li>\n\n\n\n<li><strong>Ambiente cl\u00ednico seguro y profesional<\/strong>, con monitoreo cut\u00e1neo antes y despu\u00e9s del tratamiento.<br><\/li>\n<\/ul>\n\n\n\n<p>Al acudir a Est\u00e9tica M\u00e9ndez, no solo obtienes resultados est\u00e9ticos duraderos, sino tambi\u00e9n una experiencia de depilaci\u00f3n l\u00e1ser con <strong>m\u00ednimo dolor y m\u00e1xima seguridad<\/strong>.<\/p>\n\n\n\n<h2 class=\"wp-block-heading\"><strong>6. \u00bfDuele igual en todas las sesiones? Factores que modifican la percepci\u00f3n<\/strong><\/h2>\n\n\n\n<p>Aunque la tendencia general se mantiene, varios factores pueden hacer que una sesi\u00f3n sea <strong>m\u00e1s o menos dolorosa<\/strong>:<\/p>\n\n\n\n<ul class=\"wp-block-list\">\n<li><strong>Ciclos del crecimiento del vello<\/strong>: algunas sesiones captan m\u00e1s fol\u00edculos activos, aumentando la sensaci\u00f3n.<\/li>\n\n\n\n<li><strong>Estado hormonal<\/strong>: fluctuaciones hormonales pueden sensibilizar la piel (por ejemplo en la menstruaci\u00f3n o en terapia hormonal).<\/li>\n\n\n\n<li><strong>Estaci\u00f3n del a\u00f1o<\/strong>: Las pieles m\u00e1s expuestas al sol reciente pueden estar m\u00e1s sensibles.<\/li>\n\n\n\n<li><strong>Intervalos entre sesiones<\/strong>: si el tiempo es muy largo, el vello se vuelve m\u00e1s fuerte y el tratamiento puede sentirse m\u00e1s intenso.<\/li>\n\n\n\n<li><strong>Fatiga o estr\u00e9s del paciente<\/strong>: cuando estamos m\u00e1s tensos, el umbral de dolor baja.<br><\/li>\n<\/ul>\n\n\n\n<p>Por eso, las cl\u00ednicas responsables (como Est\u00e9tica M\u00e9ndez) ajustan par\u00e1metros sesi\u00f3n a sesi\u00f3n y revisan el historial del paciente para adaptar cada tratamiento.<\/p>\n\n\n\n<h2 class=\"wp-block-heading\"><strong>7. Comparativa real: \u00bfcu\u00e1nto duele cada zona? (testimonios)<\/strong><strong><br><\/strong><\/h2>\n\n\n\n<figure class=\"wp-block-table\"><table class=\"has-fixed-layout\"><tbody><tr><td><strong>Zona<\/strong><\/td><td><strong>Sensaci\u00f3n t\u00edpica<\/strong><\/td><td><strong>Nivel de molestia*<\/strong><\/td><td><strong>Sugerencia cl\u00ednica<\/strong><\/td><\/tr><tr><td>Cara<\/td><td>Pinchazos leves, calor r\u00e1pido<\/td><td>3\u20135 \/10<\/td><td>Usar anest\u00e9sico suave<\/td><\/tr><tr><td>Axilas<\/td><td>Calor con leve punzada<\/td><td>2\u20134 \/10<\/td><td>Peinar vello antes<\/td><\/tr><tr><td>Ingle<\/td><td>Calor intenso o ligero pellizco<\/td><td>4\u20137 \/10<\/td><td>Barridos lentos, pausar si es necesario<\/td><\/tr><\/tbody><\/table><\/figure>\n\n\n\n<p><em>* Niveles estimados subjetivos. Dependen de tolerancia individual.<\/em><\/p>\n\n\n\n<p>Muchos pacientes mencionan que la <strong>ingle es la m\u00e1s dolorosa<\/strong>, seguida de la cara. Pero con tecnolog\u00eda Soprano y t\u00e9cnica experta, la diferencia se reduce.<\/p>\n\n\n\n<h2 class=\"wp-block-heading\"><strong>8. \u00bfDuele igual? No exactamente, pero es manejable<\/strong><\/h2>\n\n\n\n<p>En resumen:<\/p>\n\n\n\n<ol class=\"wp-block-list\">\n<li><strong>El dolor var\u00eda seg\u00fan la zona<\/strong>: la <strong>ingle es la m\u00e1s sensible<\/strong>, la <strong>cara<\/strong> intermedia y las <strong>axilas<\/strong> generalmente m\u00e1s tolerables.<br><\/li>\n\n\n\n<li><strong>Mucho depende de la tecnolog\u00eda usada<\/strong>: equipos como Soprano reducen significativamente las molestias.<br><\/li>\n\n\n\n<li><strong>La experiencia del operador importa<\/strong>: un buen t\u00e9cnico puede minimizar el dolor ajustando par\u00e1metros.<br><\/li>\n\n\n\n<li>Cada sesi\u00f3n puede sentirse distinto dependiendo de factores hormonales, estado cut\u00e1neo o densidad de vello.<br><\/li>\n<\/ol>\n\n\n\n<p>Si buscas una depilaci\u00f3n l\u00e1ser en zonas delicadas con menor dolor, <a href=\"https:\/\/depilacionlaser.pe\/\"><strong>Est\u00e9tica M\u00e9ndez<\/strong><\/a>, con su uso de <strong>Depilaci\u00f3n L\u00e1ser Soprano<\/strong>, es una excelente opci\u00f3n: combina tecnolog\u00eda de punta, personal capacitado y protocolos adaptados para tu piel.<\/p>\n\n\n\n<p><strong><a href=\"https:\/\/api.whatsapp.com\/send\/?phone=51999488746&amp;text=Hola%2C+deseas+reservar+una+cita%3F&amp;type=phone_number&amp;app_absent=0\">Solicita una evaluaci\u00f3n previa<\/a>, relata tus experiencias de sensibilidad, y aseg\u00farate de que usen l\u00e1ser de \u00faltima generaci\u00f3n. De esta forma, podr\u00e1s lograr resultados duraderos y una experiencia lo m\u00e1s c\u00f3moda posible.<\/strong><\/p>\n","protected":false},"excerpt":{"rendered":"<p>La depilaci\u00f3n l\u00e1ser en zonas delicadas es una de las consultas m\u00e1s frecuentes en cl\u00ednicas de est\u00e9tica. Muchas personas se preguntan si duele lo mismo en la cara, axilas o ingle, o si algunas&#46;&#46;&#46;<\/p>\n","protected":false},"author":1,"featured_media":78,"comment_status":"open","ping_status":"open","sticky":false,"template":"","format":"standard","meta":{"_joinchat":[],"footnotes":""},"categories":[1],"tags":[11,30,29],"class_list":["post-76","post","type-post","status-publish","format-standard","has-post-thumbnail","hentry","category-depilacion-laser","tag-depilacion-laser","tag-depilacion-laser-delicado","tag-depilacion-laser-zona-delicada"],"yoast_head":"<!-- This site is optimized with the Yoast SEO plugin v27.5 - https:\/\/yoast.com\/product\/yoast-seo-wordpress\/ -->\n<title>Depilaci\u00f3n l\u00e1ser en zonas delicadas: Cara, axilas e ingle, \u00bfDuele igual? | Est\u00e9tica M\u00e9ndez<\/title>\n<meta name=\"description\" content=\"La depilaci\u00f3n l\u00e1ser en zonas delicadas es una de las consultas m\u00e1s frecuentes en cl\u00ednicas de est\u00e9tica. Muchas personas se preguntan si duele lo mismo en\" \/>\n<meta name=\"robots\" content=\"index, follow, max-snippet:-1, max-image-preview:large, max-video-preview:-1\" \/>\n<link rel=\"canonical\" href=\"https:\/\/depilacionlaser.pe\/blog\/depilacion-laser-en-zonas-delicadas\/\" \/>\n<meta property=\"og:locale\" content=\"es_ES\" \/>\n<meta property=\"og:type\" content=\"article\" \/>\n<meta property=\"og:title\" content=\"Depilaci\u00f3n l\u00e1ser en zonas delicadas: Cara, axilas e ingle, \u00bfDuele igual? | Est\u00e9tica M\u00e9ndez\" \/>\n<meta property=\"og:description\" content=\"La depilaci\u00f3n l\u00e1ser en zonas delicadas es una de las consultas m\u00e1s frecuentes en cl\u00ednicas de est\u00e9tica. Muchas personas se preguntan si duele lo mismo en\" \/>\n<meta property=\"og:url\" content=\"https:\/\/depilacionlaser.pe\/blog\/depilacion-laser-en-zonas-delicadas\/\" \/>\n<meta property=\"og:site_name\" content=\"Blog de Tratamientos L\u00e1ser Per\u00fa\" \/>\n<meta property=\"article:publisher\" content=\"https:\/\/www.facebook.com\/cirugiaesteticayplasticaperu\" \/>\n<meta property=\"article:published_time\" content=\"2025-10-16T03:42:04+00:00\" \/>\n<meta property=\"article:modified_time\" content=\"2025-10-16T03:42:05+00:00\" \/>\n<meta property=\"og:image\" content=\"https:\/\/depilacionlaser.pe\/blog\/wp-content\/uploads\/2025\/10\/depilacion-laser-zonas-delicadas.webp\" \/>\n\t<meta property=\"og:image:width\" content=\"750\" \/>\n\t<meta property=\"og:image:height\" content=\"450\" \/>\n\t<meta property=\"og:image:type\" content=\"image\/webp\" \/>\n<meta name=\"author\" content=\"depilacionblog\" \/>\n<meta name=\"twitter:card\" content=\"summary_large_image\" \/>\n<meta name=\"twitter:label1\" content=\"Written by\" \/>\n\t<meta name=\"twitter:data1\" content=\"depilacionblog\" \/>\n\t<meta name=\"twitter:label2\" content=\"Est. reading time\" \/>\n\t<meta name=\"twitter:data2\" content=\"6 minutos\" \/>\n<script type=\"application\/ld+json\" class=\"yoast-schema-graph\">{\"@context\":\"https:\\\/\\\/schema.org\",\"@graph\":[{\"@type\":\"Article\",\"@id\":\"https:\\\/\\\/depilacionlaser.pe\\\/blog\\\/depilacion-laser-en-zonas-delicadas\\\/#article\",\"isPartOf\":{\"@id\":\"https:\\\/\\\/depilacionlaser.pe\\\/blog\\\/depilacion-laser-en-zonas-delicadas\\\/\"},\"author\":{\"name\":\"depilacionblog\",\"@id\":\"https:\\\/\\\/depilacionlaser.pe\\\/blog\\\/#\\\/schema\\\/person\\\/61385c2438d2dca4e6914c898dbe3fd3\"},\"headline\":\"Depilaci\u00f3n l\u00e1ser en zonas delicadas: Cara, axilas e ingle, \u00bfDuele igual?\",\"datePublished\":\"2025-10-16T03:42:04+00:00\",\"dateModified\":\"2025-10-16T03:42:05+00:00\",\"mainEntityOfPage\":{\"@id\":\"https:\\\/\\\/depilacionlaser.pe\\\/blog\\\/depilacion-laser-en-zonas-delicadas\\\/\"},\"wordCount\":1325,\"commentCount\":0,\"publisher\":{\"@id\":\"https:\\\/\\\/depilacionlaser.pe\\\/blog\\\/#organization\"},\"image\":{\"@id\":\"https:\\\/\\\/depilacionlaser.pe\\\/blog\\\/depilacion-laser-en-zonas-delicadas\\\/#primaryimage\"},\"thumbnailUrl\":\"https:\\\/\\\/depilacionlaser.pe\\\/blog\\\/wp-content\\\/uploads\\\/2025\\\/10\\\/depilacion-laser-zonas-delicadas.webp\",\"keywords\":[\"depilacion laser\",\"depilacion laser delicado\",\"depilacion laser zona delicada\"],\"articleSection\":[\"Depilaci\u00f3n l\u00e1ser\"],\"inLanguage\":\"es-PE\",\"potentialAction\":[{\"@type\":\"CommentAction\",\"name\":\"Comment\",\"target\":[\"https:\\\/\\\/depilacionlaser.pe\\\/blog\\\/depilacion-laser-en-zonas-delicadas\\\/#respond\"]}]},{\"@type\":\"WebPage\",\"@id\":\"https:\\\/\\\/depilacionlaser.pe\\\/blog\\\/depilacion-laser-en-zonas-delicadas\\\/\",\"url\":\"https:\\\/\\\/depilacionlaser.pe\\\/blog\\\/depilacion-laser-en-zonas-delicadas\\\/\",\"name\":\"Depilaci\u00f3n l\u00e1ser en zonas delicadas: Cara, axilas e ingle, \u00bfDuele igual? | Est\u00e9tica M\u00e9ndez\",\"isPartOf\":{\"@id\":\"https:\\\/\\\/depilacionlaser.pe\\\/blog\\\/#website\"},\"primaryImageOfPage\":{\"@id\":\"https:\\\/\\\/depilacionlaser.pe\\\/blog\\\/depilacion-laser-en-zonas-delicadas\\\/#primaryimage\"},\"image\":{\"@id\":\"https:\\\/\\\/depilacionlaser.pe\\\/blog\\\/depilacion-laser-en-zonas-delicadas\\\/#primaryimage\"},\"thumbnailUrl\":\"https:\\\/\\\/depilacionlaser.pe\\\/blog\\\/wp-content\\\/uploads\\\/2025\\\/10\\\/depilacion-laser-zonas-delicadas.webp\",\"datePublished\":\"2025-10-16T03:42:04+00:00\",\"dateModified\":\"2025-10-16T03:42:05+00:00\",\"description\":\"La depilaci\u00f3n l\u00e1ser en zonas delicadas es una de las consultas m\u00e1s frecuentes en cl\u00ednicas de est\u00e9tica. Muchas personas se preguntan si duele lo mismo en\",\"breadcrumb\":{\"@id\":\"https:\\\/\\\/depilacionlaser.pe\\\/blog\\\/depilacion-laser-en-zonas-delicadas\\\/#breadcrumb\"},\"inLanguage\":\"es-PE\",\"potentialAction\":[{\"@type\":\"ReadAction\",\"target\":[\"https:\\\/\\\/depilacionlaser.pe\\\/blog\\\/depilacion-laser-en-zonas-delicadas\\\/\"]}]},{\"@type\":\"ImageObject\",\"inLanguage\":\"es-PE\",\"@id\":\"https:\\\/\\\/depilacionlaser.pe\\\/blog\\\/depilacion-laser-en-zonas-delicadas\\\/#primaryimage\",\"url\":\"https:\\\/\\\/depilacionlaser.pe\\\/blog\\\/wp-content\\\/uploads\\\/2025\\\/10\\\/depilacion-laser-zonas-delicadas.webp\",\"contentUrl\":\"https:\\\/\\\/depilacionlaser.pe\\\/blog\\\/wp-content\\\/uploads\\\/2025\\\/10\\\/depilacion-laser-zonas-delicadas.webp\",\"width\":750,\"height\":450,\"caption\":\"depilacion-laser-zonas-delicadas\"},{\"@type\":\"BreadcrumbList\",\"@id\":\"https:\\\/\\\/depilacionlaser.pe\\\/blog\\\/depilacion-laser-en-zonas-delicadas\\\/#breadcrumb\",\"itemListElement\":[{\"@type\":\"ListItem\",\"position\":1,\"name\":\"Portada\",\"item\":\"https:\\\/\\\/depilacionlaser.pe\\\/blog\\\/\"},{\"@type\":\"ListItem\",\"position\":2,\"name\":\"Depilaci\u00f3n l\u00e1ser en zonas delicadas: Cara, axilas e ingle, \u00bfDuele igual?\"}]},{\"@type\":\"WebSite\",\"@id\":\"https:\\\/\\\/depilacionlaser.pe\\\/blog\\\/#website\",\"url\":\"https:\\\/\\\/depilacionlaser.pe\\\/blog\\\/\",\"name\":\"Blog de Tratamientos y Depilaci\u00f3n L\u00e1ser Per\u00fa\",\"description\":\"\",\"publisher\":{\"@id\":\"https:\\\/\\\/depilacionlaser.pe\\\/blog\\\/#organization\"},\"potentialAction\":[{\"@type\":\"SearchAction\",\"target\":{\"@type\":\"EntryPoint\",\"urlTemplate\":\"https:\\\/\\\/depilacionlaser.pe\\\/blog\\\/?s={search_term_string}\"},\"query-input\":{\"@type\":\"PropertyValueSpecification\",\"valueRequired\":true,\"valueName\":\"search_term_string\"}}],\"inLanguage\":\"es-PE\"},{\"@type\":\"Organization\",\"@id\":\"https:\\\/\\\/depilacionlaser.pe\\\/blog\\\/#organization\",\"name\":\"Centro Est\u00e9tica M\u00e9ndez\",\"url\":\"https:\\\/\\\/depilacionlaser.pe\\\/blog\\\/\",\"logo\":{\"@type\":\"ImageObject\",\"inLanguage\":\"es-PE\",\"@id\":\"https:\\\/\\\/depilacionlaser.pe\\\/blog\\\/#\\\/schema\\\/logo\\\/image\\\/\",\"url\":\"https:\\\/\\\/depilacionlaser.pe\\\/blog\\\/wp-content\\\/uploads\\\/2025\\\/10\\\/logo-estetica-laser-mendez-1.webp\",\"contentUrl\":\"https:\\\/\\\/depilacionlaser.pe\\\/blog\\\/wp-content\\\/uploads\\\/2025\\\/10\\\/logo-estetica-laser-mendez-1.webp\",\"width\":1380,\"height\":256,\"caption\":\"Centro Est\u00e9tica M\u00e9ndez\"},\"image\":{\"@id\":\"https:\\\/\\\/depilacionlaser.pe\\\/blog\\\/#\\\/schema\\\/logo\\\/image\\\/\"},\"sameAs\":[\"https:\\\/\\\/www.facebook.com\\\/cirugiaesteticayplasticaperu\",\"https:\\\/\\\/www.instagram.com\\\/draronmymendez\\\/\"]},{\"@type\":\"Person\",\"@id\":\"https:\\\/\\\/depilacionlaser.pe\\\/blog\\\/#\\\/schema\\\/person\\\/61385c2438d2dca4e6914c898dbe3fd3\",\"name\":\"depilacionblog\",\"image\":{\"@type\":\"ImageObject\",\"inLanguage\":\"es-PE\",\"@id\":\"https:\\\/\\\/secure.gravatar.com\\\/avatar\\\/f72e1f8c50893dadbff1efb15b1fe8f85757f0da3c99e5f15758726ff38a20b9?s=96&d=mm&r=g\",\"url\":\"https:\\\/\\\/secure.gravatar.com\\\/avatar\\\/f72e1f8c50893dadbff1efb15b1fe8f85757f0da3c99e5f15758726ff38a20b9?s=96&d=mm&r=g\",\"contentUrl\":\"https:\\\/\\\/secure.gravatar.com\\\/avatar\\\/f72e1f8c50893dadbff1efb15b1fe8f85757f0da3c99e5f15758726ff38a20b9?s=96&d=mm&r=g\",\"caption\":\"depilacionblog\"},\"sameAs\":[\"https:\\\/\\\/depilacionlaser.pe\\\/blog\"],\"url\":\"https:\\\/\\\/depilacionlaser.pe\\\/blog\\\/author\\\/depilacionblog\\\/\"}]}<\/script>\n<!-- \/ Yoast SEO plugin. -->","yoast_head_json":{"title":"Depilaci\u00f3n l\u00e1ser en zonas delicadas: Cara, axilas e ingle, \u00bfDuele igual? | Est\u00e9tica M\u00e9ndez","description":"La depilaci\u00f3n l\u00e1ser en zonas delicadas es una de las consultas m\u00e1s frecuentes en cl\u00ednicas de est\u00e9tica. Muchas personas se preguntan si duele lo mismo en","robots":{"index":"index","follow":"follow","max-snippet":"max-snippet:-1","max-image-preview":"max-image-preview:large","max-video-preview":"max-video-preview:-1"},"canonical":"https:\/\/depilacionlaser.pe\/blog\/depilacion-laser-en-zonas-delicadas\/","og_locale":"es_ES","og_type":"article","og_title":"Depilaci\u00f3n l\u00e1ser en zonas delicadas: Cara, axilas e ingle, \u00bfDuele igual? | Est\u00e9tica M\u00e9ndez","og_description":"La depilaci\u00f3n l\u00e1ser en zonas delicadas es una de las consultas m\u00e1s frecuentes en cl\u00ednicas de est\u00e9tica. Muchas personas se preguntan si duele lo mismo en","og_url":"https:\/\/depilacionlaser.pe\/blog\/depilacion-laser-en-zonas-delicadas\/","og_site_name":"Blog de Tratamientos L\u00e1ser Per\u00fa","article_publisher":"https:\/\/www.facebook.com\/cirugiaesteticayplasticaperu","article_published_time":"2025-10-16T03:42:04+00:00","article_modified_time":"2025-10-16T03:42:05+00:00","og_image":[{"width":750,"height":450,"url":"https:\/\/depilacionlaser.pe\/blog\/wp-content\/uploads\/2025\/10\/depilacion-laser-zonas-delicadas.webp","type":"image\/webp"}],"author":"depilacionblog","twitter_card":"summary_large_image","twitter_misc":{"Written by":"depilacionblog","Est. reading time":"6 minutos"},"schema":{"@context":"https:\/\/schema.org","@graph":[{"@type":"Article","@id":"https:\/\/depilacionlaser.pe\/blog\/depilacion-laser-en-zonas-delicadas\/#article","isPartOf":{"@id":"https:\/\/depilacionlaser.pe\/blog\/depilacion-laser-en-zonas-delicadas\/"},"author":{"name":"depilacionblog","@id":"https:\/\/depilacionlaser.pe\/blog\/#\/schema\/person\/61385c2438d2dca4e6914c898dbe3fd3"},"headline":"Depilaci\u00f3n l\u00e1ser en zonas delicadas: Cara, axilas e ingle, \u00bfDuele igual?","datePublished":"2025-10-16T03:42:04+00:00","dateModified":"2025-10-16T03:42:05+00:00","mainEntityOfPage":{"@id":"https:\/\/depilacionlaser.pe\/blog\/depilacion-laser-en-zonas-delicadas\/"},"wordCount":1325,"commentCount":0,"publisher":{"@id":"https:\/\/depilacionlaser.pe\/blog\/#organization"},"image":{"@id":"https:\/\/depilacionlaser.pe\/blog\/depilacion-laser-en-zonas-delicadas\/#primaryimage"},"thumbnailUrl":"https:\/\/depilacionlaser.pe\/blog\/wp-content\/uploads\/2025\/10\/depilacion-laser-zonas-delicadas.webp","keywords":["depilacion laser","depilacion laser delicado","depilacion laser zona delicada"],"articleSection":["Depilaci\u00f3n l\u00e1ser"],"inLanguage":"es-PE","potentialAction":[{"@type":"CommentAction","name":"Comment","target":["https:\/\/depilacionlaser.pe\/blog\/depilacion-laser-en-zonas-delicadas\/#respond"]}]},{"@type":"WebPage","@id":"https:\/\/depilacionlaser.pe\/blog\/depilacion-laser-en-zonas-delicadas\/","url":"https:\/\/depilacionlaser.pe\/blog\/depilacion-laser-en-zonas-delicadas\/","name":"Depilaci\u00f3n l\u00e1ser en zonas delicadas: Cara, axilas e ingle, \u00bfDuele igual? | Est\u00e9tica M\u00e9ndez","isPartOf":{"@id":"https:\/\/depilacionlaser.pe\/blog\/#website"},"primaryImageOfPage":{"@id":"https:\/\/depilacionlaser.pe\/blog\/depilacion-laser-en-zonas-delicadas\/#primaryimage"},"image":{"@id":"https:\/\/depilacionlaser.pe\/blog\/depilacion-laser-en-zonas-delicadas\/#primaryimage"},"thumbnailUrl":"https:\/\/depilacionlaser.pe\/blog\/wp-content\/uploads\/2025\/10\/depilacion-laser-zonas-delicadas.webp","datePublished":"2025-10-16T03:42:04+00:00","dateModified":"2025-10-16T03:42:05+00:00","description":"La depilaci\u00f3n l\u00e1ser en zonas delicadas es una de las consultas m\u00e1s frecuentes en cl\u00ednicas de est\u00e9tica. Muchas personas se preguntan si duele lo mismo en","breadcrumb":{"@id":"https:\/\/depilacionlaser.pe\/blog\/depilacion-laser-en-zonas-delicadas\/#breadcrumb"},"inLanguage":"es-PE","potentialAction":[{"@type":"ReadAction","target":["https:\/\/depilacionlaser.pe\/blog\/depilacion-laser-en-zonas-delicadas\/"]}]},{"@type":"ImageObject","inLanguage":"es-PE","@id":"https:\/\/depilacionlaser.pe\/blog\/depilacion-laser-en-zonas-delicadas\/#primaryimage","url":"https:\/\/depilacionlaser.pe\/blog\/wp-content\/uploads\/2025\/10\/depilacion-laser-zonas-delicadas.webp","contentUrl":"https:\/\/depilacionlaser.pe\/blog\/wp-content\/uploads\/2025\/10\/depilacion-laser-zonas-delicadas.webp","width":750,"height":450,"caption":"depilacion-laser-zonas-delicadas"},{"@type":"BreadcrumbList","@id":"https:\/\/depilacionlaser.pe\/blog\/depilacion-laser-en-zonas-delicadas\/#breadcrumb","itemListElement":[{"@type":"ListItem","position":1,"name":"Portada","item":"https:\/\/depilacionlaser.pe\/blog\/"},{"@type":"ListItem","position":2,"name":"Depilaci\u00f3n l\u00e1ser en zonas delicadas: Cara, axilas e ingle, \u00bfDuele igual?"}]},{"@type":"WebSite","@id":"https:\/\/depilacionlaser.pe\/blog\/#website","url":"https:\/\/depilacionlaser.pe\/blog\/","name":"Blog de Tratamientos y Depilaci\u00f3n L\u00e1ser Per\u00fa","description":"","publisher":{"@id":"https:\/\/depilacionlaser.pe\/blog\/#organization"},"potentialAction":[{"@type":"SearchAction","target":{"@type":"EntryPoint","urlTemplate":"https:\/\/depilacionlaser.pe\/blog\/?s={search_term_string}"},"query-input":{"@type":"PropertyValueSpecification","valueRequired":true,"valueName":"search_term_string"}}],"inLanguage":"es-PE"},{"@type":"Organization","@id":"https:\/\/depilacionlaser.pe\/blog\/#organization","name":"Centro Est\u00e9tica M\u00e9ndez","url":"https:\/\/depilacionlaser.pe\/blog\/","logo":{"@type":"ImageObject","inLanguage":"es-PE","@id":"https:\/\/depilacionlaser.pe\/blog\/#\/schema\/logo\/image\/","url":"https:\/\/depilacionlaser.pe\/blog\/wp-content\/uploads\/2025\/10\/logo-estetica-laser-mendez-1.webp","contentUrl":"https:\/\/depilacionlaser.pe\/blog\/wp-content\/uploads\/2025\/10\/logo-estetica-laser-mendez-1.webp","width":1380,"height":256,"caption":"Centro Est\u00e9tica M\u00e9ndez"},"image":{"@id":"https:\/\/depilacionlaser.pe\/blog\/#\/schema\/logo\/image\/"},"sameAs":["https:\/\/www.facebook.com\/cirugiaesteticayplasticaperu","https:\/\/www.instagram.com\/draronmymendez\/"]},{"@type":"Person","@id":"https:\/\/depilacionlaser.pe\/blog\/#\/schema\/person\/61385c2438d2dca4e6914c898dbe3fd3","name":"depilacionblog","image":{"@type":"ImageObject","inLanguage":"es-PE","@id":"https:\/\/secure.gravatar.com\/avatar\/f72e1f8c50893dadbff1efb15b1fe8f85757f0da3c99e5f15758726ff38a20b9?s=96&d=mm&r=g","url":"https:\/\/secure.gravatar.com\/avatar\/f72e1f8c50893dadbff1efb15b1fe8f85757f0da3c99e5f15758726ff38a20b9?s=96&d=mm&r=g","contentUrl":"https:\/\/secure.gravatar.com\/avatar\/f72e1f8c50893dadbff1efb15b1fe8f85757f0da3c99e5f15758726ff38a20b9?s=96&d=mm&r=g","caption":"depilacionblog"},"sameAs":["https:\/\/depilacionlaser.pe\/blog"],"url":"https:\/\/depilacionlaser.pe\/blog\/author\/depilacionblog\/"}]}},"_links":{"self":[{"href":"https:\/\/depilacionlaser.pe\/blog\/wp-json\/wp\/v2\/posts\/76","targetHints":{"allow":["GET"]}}],"collection":[{"href":"https:\/\/depilacionlaser.pe\/blog\/wp-json\/wp\/v2\/posts"}],"about":[{"href":"https:\/\/depilacionlaser.pe\/blog\/wp-json\/wp\/v2\/types\/post"}],"author":[{"embeddable":true,"href":"https:\/\/depilacionlaser.pe\/blog\/wp-json\/wp\/v2\/users\/1"}],"replies":[{"embeddable":true,"href":"https:\/\/depilacionlaser.pe\/blog\/wp-json\/wp\/v2\/comments?post=76"}],"version-history":[{"count":2,"href":"https:\/\/depilacionlaser.pe\/blog\/wp-json\/wp\/v2\/posts\/76\/revisions"}],"predecessor-version":[{"id":79,"href":"https:\/\/depilacionlaser.pe\/blog\/wp-json\/wp\/v2\/posts\/76\/revisions\/79"}],"wp:featuredmedia":[{"embeddable":true,"href":"https:\/\/depilacionlaser.pe\/blog\/wp-json\/wp\/v2\/media\/78"}],"wp:attachment":[{"href":"https:\/\/depilacionlaser.pe\/blog\/wp-json\/wp\/v2\/media?parent=76"}],"wp:term":[{"taxonomy":"category","embeddable":true,"href":"https:\/\/depilacionlaser.pe\/blog\/wp-json\/wp\/v2\/categories?post=76"},{"taxonomy":"post_tag","embeddable":true,"href":"https:\/\/depilacionlaser.pe\/blog\/wp-json\/wp\/v2\/tags?post=76"}],"curies":[{"name":"wp","href":"https:\/\/api.w.org\/{rel}","templated":true}]}}