{"id":73,"date":"2025-10-15T03:19:52","date_gmt":"2025-10-15T08:19:52","guid":{"rendered":"https:\/\/depilacionlaser.pe\/blog\/?p=73"},"modified":"2025-10-15T03:19:53","modified_gmt":"2025-10-15T08:19:53","slug":"depilacion-laser-en-verano","status":"publish","type":"post","link":"https:\/\/depilacionlaser.pe\/blog\/depilacion-laser-en-verano\/","title":{"rendered":"Depilaci\u00f3n l\u00e1ser en verano: \u00bfes posible y seguro realizarla?"},"content":{"rendered":"\n<p>La <strong><a href=\"https:\/\/depilacionlaser.pe\/depilacion-laser-avanzado\/\">depilaci\u00f3n l\u00e1ser<\/a><\/strong> se ha consolidado como uno de los tratamientos est\u00e9ticos m\u00e1s populares para eliminar el vello de forma duradera. Sin embargo, al acercarse los meses de calor, surge una duda frecuente: <strong>\u00bfes recomendable someterse a depilaci\u00f3n l\u00e1ser durante el verano?<\/strong> En este art\u00edculo abordamos, con base en evidencia y experiencia profesional, <strong>qu\u00e9 tan segura es esta pr\u00e1ctica en temporada de sol<\/strong>, c\u00f3mo realizarla correctamente y qu\u00e9 cuidados son indispensables para obtener resultados \u00f3ptimos.<\/p>\n\n\n\n<h2 class=\"wp-block-heading\"><strong>\u00bfQu\u00e9 es la depilaci\u00f3n l\u00e1ser y c\u00f3mo funciona?<\/strong><\/h2>\n\n\n\n<p>La <strong>depilaci\u00f3n l\u00e1ser<\/strong> consiste en la <strong>eliminaci\u00f3n progresiva del vello<\/strong> mediante la emisi\u00f3n de un haz de luz que es absorbido por la <strong>melanina<\/strong> del fol\u00edculo piloso. Este proceso transforma la energ\u00eda lum\u00ednica en calor, destruyendo el fol\u00edculo sin da\u00f1ar la piel circundante.<\/p>\n\n\n\n<p>Existen diferentes tipos de l\u00e1ser utilizados en centros profesionales, entre ellos el <strong>l\u00e1ser Alejandrita<\/strong>, el <strong>l\u00e1ser Diodo<\/strong> y el <strong>l\u00e1ser Soprano Titanium<\/strong>, reconocido por su alta eficacia incluso en <strong>pieles bronceadas<\/strong> o de fototipos altos.<\/p>\n\n\n\n<p>El procedimiento requiere varias sesiones, ya que el l\u00e1ser solo act\u00faa sobre los vellos que se encuentran en la fase <strong>an\u00e1gena<\/strong> (de crecimiento activo), lo que garantiza una reducci\u00f3n notable y duradera del vello con cada aplicaci\u00f3n.<\/p>\n\n\n\n<h2 class=\"wp-block-heading\"><strong>Depilaci\u00f3n l\u00e1ser en verano: mitos y realidades<\/strong><\/h2>\n\n\n\n<p>Existe la creencia de que la <strong>depilaci\u00f3n l\u00e1ser no puede realizarse en verano<\/strong>, pero esto no es del todo cierto. En realidad, <strong>s\u00ed es posible y seguro<\/strong>, siempre que se tomen las <strong>precauciones adecuadas<\/strong> y se utilicen equipos de \u00faltima generaci\u00f3n adaptados a cada tipo de piel.<\/p>\n\n\n\n<p>El principal motivo de preocupaci\u00f3n radica en la <strong>exposici\u00f3n solar<\/strong>, ya que la piel bronceada contiene m\u00e1s melanina, lo que puede aumentar el riesgo de <strong>hiperpigmentaciones o quemaduras<\/strong> si no se ajustan correctamente los par\u00e1metros del l\u00e1ser. No obstante, con la tecnolog\u00eda actual \u2014como el <strong>l\u00e1ser Soprano Titanium<\/strong>\u2014, estos riesgos se reducen considerablemente.<\/p>\n\n\n\n<h2 class=\"wp-block-heading\"><strong>Ventajas de realizar la depilaci\u00f3n l\u00e1ser en verano<\/strong><\/h2>\n\n\n\n<ol class=\"wp-block-list\">\n<li><strong>Continuidad del tratamiento:<\/strong> suspender las sesiones puede retrasar los resultados. Realizarlo en verano permite mantener el calendario sin interrupciones.<\/li>\n\n\n\n<li><strong>Piel m\u00e1s suave y libre de irritaciones:<\/strong> evita el uso constante de m\u00e9todos como la cera o el rasurado, que pueden causar <strong>foliculitis<\/strong> o enrojecimiento.<\/li>\n\n\n\n<li><strong>Tecnolog\u00eda avanzada y segura:<\/strong> los nuevos equipos permiten trabajar en pieles bronceadas, siempre que se respeten los intervalos adecuados entre exposici\u00f3n solar y sesi\u00f3n.<br><\/li>\n\n\n\n<li><strong>Mayor comodidad:<\/strong> el efecto duradero del l\u00e1ser reduce la necesidad de depilarse constantemente, ideal para quienes viajan o disfrutan de actividades al aire libre.<\/li>\n<\/ol>\n\n\n\n<h2 class=\"wp-block-heading\"><strong>Cuidados previos a una sesi\u00f3n de depilaci\u00f3n l\u00e1ser en verano<\/strong><\/h2>\n\n\n\n<p>Para garantizar la <strong>seguridad y eficacia<\/strong> del procedimiento durante la temporada de sol, es fundamental seguir ciertas recomendaciones:<\/p>\n\n\n\n<ul class=\"wp-block-list\">\n<li><strong>Evitar la exposici\u00f3n solar directa<\/strong> al menos <strong>7 d\u00edas antes<\/strong> de la sesi\u00f3n.<\/li>\n\n\n\n<li><strong>No usar autobronceadores ni cremas con color<\/strong>, ya que pueden interferir con la detecci\u00f3n del fol\u00edculo.<\/li>\n\n\n\n<li><strong>Rasurar la zona<\/strong> 24 horas antes del tratamiento, nunca depilar con cera o pinzas, pues el l\u00e1ser necesita el fol\u00edculo presente.<\/li>\n\n\n\n<li><strong>Informar al especialista<\/strong> sobre el uso de medicamentos fotosensibles o tratamientos dermatol\u00f3gicos activos.<\/li>\n\n\n\n<li><strong>Hidratar la piel adecuadamente<\/strong>, pero sin aplicar cremas ni desodorantes el d\u00eda de la sesi\u00f3n.<br><\/li>\n<\/ul>\n\n\n\n<p>Estos pasos permiten minimizar el riesgo de reacciones adversas y aseguran una mejor absorci\u00f3n del haz l\u00e1ser.<\/p>\n\n\n\n<h2 class=\"wp-block-heading\"><strong>Cuidados posteriores a la depilaci\u00f3n l\u00e1ser durante el verano<\/strong><\/h2>\n\n\n\n<p>Una vez realizada la sesi\u00f3n, los <strong>cuidados postratamiento<\/strong> son esenciales para evitar irritaciones o manchas:<\/p>\n\n\n\n<ul class=\"wp-block-list\">\n<li><strong>No exponerse al sol<\/strong> por al menos <strong>72 horas<\/strong> despu\u00e9s de la sesi\u00f3n.<\/li>\n\n\n\n<li><strong>Aplicar protector solar SPF 50+<\/strong> varias veces al d\u00eda, incluso si no hay exposici\u00f3n directa.<\/li>\n\n\n\n<li><strong>Evitar saunas, piscinas, exfoliantes o duchas muy calientes<\/strong> durante las primeras 48 horas.<\/li>\n\n\n\n<li><strong>Usar prendas sueltas y transpirables<\/strong> para permitir la oxigenaci\u00f3n de la piel.<\/li>\n\n\n\n<li><strong>Mantener la hidrataci\u00f3n cut\u00e1nea<\/strong> con productos calmantes, como aloe vera o cremas postl\u00e1ser recomendadas por el especialista.<br><\/li>\n<\/ul>\n\n\n\n<p>Cumplir con estas indicaciones es clave para mantener la piel saludable y potenciar los efectos del tratamiento.<\/p>\n\n\n\n<h2 class=\"wp-block-heading\"><strong>Tipos de l\u00e1ser ideales para el verano<\/strong><\/h2>\n\n\n\n<p>Gracias a los avances tecnol\u00f3gicos, hoy existen equipos dise\u00f1ados espec\u00edficamente para <strong>minimizar los riesgos en pieles bronceadas o sensibles<\/strong>. Los m\u00e1s recomendados para esta \u00e9poca son:<\/p>\n\n\n\n<h3 class=\"wp-block-heading\"><strong>1. L\u00e1ser Diodo<\/strong><\/h3>\n\n\n\n<p>Eficaz en todo tipo de piel y especialmente seguro en <strong>fototipos altos<\/strong>. Su longitud de onda permite penetrar profundamente sin afectar las capas superficiales.<\/p>\n\n\n\n<h3 class=\"wp-block-heading\"><strong>2. L\u00e1ser Soprano Titanium<\/strong><\/h3>\n\n\n\n<p>Considerado el <strong>m\u00e1s innovador del mercado<\/strong>, combina tres longitudes de onda (Alejandrita, Diodo y ND:YAG), logrando una depilaci\u00f3n r\u00e1pida, indolora y segura durante todo el a\u00f1o. Su sistema de enfriamiento avanzado evita molestias y protege la piel del calor excesivo.<\/p>\n\n\n\n<h3 class=\"wp-block-heading\"><strong>3. L\u00e1ser ND:YAG<\/strong><\/h3>\n\n\n\n<p>Ideal para <strong>pieles oscuras o bronceadas<\/strong>, ya que trabaja en profundidades mayores sin comprometer la superficie cut\u00e1nea. Es una opci\u00f3n segura para el verano y ofrece resultados duraderos.<\/p>\n\n\n\n<h2 class=\"wp-block-heading\"><strong>\u00bfQui\u00e9nes pueden realizarse la depilaci\u00f3n l\u00e1ser en verano?<\/strong><\/h2>\n\n\n\n<p>La <strong>evaluaci\u00f3n profesional previa<\/strong> es indispensable. Cada tipo de piel y fototipo requiere una configuraci\u00f3n espec\u00edfica del equipo. En general, el tratamiento es seguro para:<\/p>\n\n\n\n<ul class=\"wp-block-list\">\n<li>Personas con <strong>vello oscuro y piel clara o intermedia<\/strong>.<\/li>\n\n\n\n<li>Aquellos con <strong>fototipos IV o V<\/strong>, siempre que se utilicen l\u00e1seres adecuados (como el Soprano Titanium).<\/li>\n\n\n\n<li>Pacientes sin lesiones cut\u00e1neas activas ni uso reciente de medicamentos fotosensibles.<br><\/li>\n<\/ul>\n\n\n\n<p>No obstante, <strong>no se recomienda<\/strong> el procedimiento a quienes presentan quemaduras solares, dermatitis, heridas abiertas o infecciones en la zona a tratar.<\/p>\n\n\n\n<h2 class=\"wp-block-heading\"><strong>Errores comunes al realizar depilaci\u00f3n l\u00e1ser en verano<\/strong><\/h2>\n\n\n\n<p>Incluso con la tecnolog\u00eda moderna, muchos usuarios cometen errores que pueden afectar el resultado final. Entre los m\u00e1s frecuentes encontramos:<\/p>\n\n\n\n<ol class=\"wp-block-list\">\n<li><strong>Exponerse al sol inmediatamente antes o despu\u00e9s de la sesi\u00f3n.<\/strong><\/li>\n\n\n\n<li><strong>Realizar sesiones sin evaluaci\u00f3n dermatol\u00f3gica previa.<\/strong><\/li>\n\n\n\n<li><strong>No usar protector solar de alta cobertura.<\/strong><\/li>\n\n\n\n<li><strong>Aplicar productos irritantes o perfumados<\/strong> tras el tratamiento.<\/li>\n\n\n\n<li><strong>Ignorar el calendario de sesiones<\/strong>, reduciendo la efectividad del procedimiento.<br><\/li>\n<\/ol>\n\n\n\n<p>Evitar estos errores es fundamental para mantener la piel sana y obtener resultados uniformes.<\/p>\n\n\n\n<h2 class=\"wp-block-heading\"><strong>Depilaci\u00f3n l\u00e1ser segura tambi\u00e9n en verano<\/strong><\/h2>\n\n\n\n<p>En definitiva, <strong>s\u00ed es posible realizar la depilaci\u00f3n l\u00e1ser en verano<\/strong>, siempre que se haga con <strong>equipos profesionales, par\u00e1metros personalizados y un control dermatol\u00f3gico especializado<\/strong>. Con los cuidados adecuados, el procedimiento no solo es seguro, sino que tambi\u00e9n ofrece comodidad, ahorro de tiempo y resultados visibles desde las primeras sesiones.<\/p>\n\n\n\n<p>En centros especializados como <strong><a href=\"https:\/\/depilacionlaser.pe\/\">Est\u00e9tica M\u00e9ndez<\/a><\/strong>, se emplean tecnolog\u00edas avanzadas como el <strong><a href=\"https:\/\/depilacionlaser.pe\/depilacion-laser-avanzado\/\">l\u00e1ser Soprano Titanium<\/a><\/strong>, dise\u00f1ado para brindar una experiencia indolora, eficaz y completamente segura durante todo el a\u00f1o, incluso en los meses m\u00e1s soleados.Si buscas una <strong>piel suave, libre de vello y con resultados duraderos<\/strong>, el verano no tiene por qu\u00e9 ser una limitaci\u00f3n: solo necesitas asesorarte con profesionales y seguir un protocolo responsable.<\/p>\n\n\n\n<p><\/p>\n","protected":false},"excerpt":{"rendered":"<p>La depilaci\u00f3n l\u00e1ser se ha consolidado como uno de los tratamientos est\u00e9ticos m\u00e1s populares para eliminar el vello de forma duradera. Sin embargo, al acercarse los meses de calor, surge una duda frecuente: \u00bfes&#46;&#46;&#46;<\/p>\n","protected":false},"author":1,"featured_media":75,"comment_status":"open","ping_status":"open","sticky":false,"template":"","format":"standard","meta":{"_joinchat":[],"footnotes":""},"categories":[1],"tags":[11,27,28],"class_list":["post-73","post","type-post","status-publish","format-standard","has-post-thumbnail","hentry","category-depilacion-laser","tag-depilacion-laser","tag-depilacion-laser-verano","tag-depilacion-laser-seguro"],"yoast_head":"<!-- This site is optimized with the Yoast SEO plugin v27.5 - https:\/\/yoast.com\/product\/yoast-seo-wordpress\/ -->\n<title>Depilaci\u00f3n l\u00e1ser en verano: \u00bfes posible y seguro realizarla? | Est\u00e9tica M\u00e9ndez<\/title>\n<meta name=\"description\" content=\"La depilaci\u00f3n l\u00e1ser se ha consolidado como uno de los tratamientos est\u00e9ticos m\u00e1s populares para eliminar el vello de forma duradera. Sin embargo, al\" \/>\n<meta name=\"robots\" content=\"index, follow, max-snippet:-1, max-image-preview:large, max-video-preview:-1\" \/>\n<link rel=\"canonical\" href=\"https:\/\/depilacionlaser.pe\/blog\/depilacion-laser-en-verano\/\" \/>\n<meta property=\"og:locale\" content=\"es_ES\" \/>\n<meta property=\"og:type\" content=\"article\" \/>\n<meta property=\"og:title\" content=\"Depilaci\u00f3n l\u00e1ser en verano: \u00bfes posible y seguro realizarla? | Est\u00e9tica M\u00e9ndez\" \/>\n<meta property=\"og:description\" content=\"La depilaci\u00f3n l\u00e1ser se ha consolidado como uno de los tratamientos est\u00e9ticos m\u00e1s populares para eliminar el vello de forma duradera. Sin embargo, al\" \/>\n<meta property=\"og:url\" content=\"https:\/\/depilacionlaser.pe\/blog\/depilacion-laser-en-verano\/\" \/>\n<meta property=\"og:site_name\" content=\"Blog de Tratamientos L\u00e1ser Per\u00fa\" \/>\n<meta property=\"article:publisher\" content=\"https:\/\/www.facebook.com\/cirugiaesteticayplasticaperu\" \/>\n<meta property=\"article:published_time\" content=\"2025-10-15T08:19:52+00:00\" \/>\n<meta property=\"article:modified_time\" content=\"2025-10-15T08:19:53+00:00\" \/>\n<meta property=\"og:image\" content=\"https:\/\/depilacionlaser.pe\/blog\/wp-content\/uploads\/2025\/10\/depilacion-laser-en-verano.jpg\" \/>\n\t<meta property=\"og:image:width\" content=\"750\" \/>\n\t<meta property=\"og:image:height\" content=\"450\" \/>\n\t<meta property=\"og:image:type\" content=\"image\/jpeg\" \/>\n<meta name=\"author\" content=\"depilacionblog\" \/>\n<meta name=\"twitter:card\" content=\"summary_large_image\" \/>\n<meta name=\"twitter:label1\" content=\"Written by\" \/>\n\t<meta name=\"twitter:data1\" content=\"depilacionblog\" \/>\n\t<meta name=\"twitter:label2\" content=\"Est. reading time\" \/>\n\t<meta name=\"twitter:data2\" content=\"5 minutos\" \/>\n<script type=\"application\/ld+json\" class=\"yoast-schema-graph\">{\"@context\":\"https:\\\/\\\/schema.org\",\"@graph\":[{\"@type\":\"Article\",\"@id\":\"https:\\\/\\\/depilacionlaser.pe\\\/blog\\\/depilacion-laser-en-verano\\\/#article\",\"isPartOf\":{\"@id\":\"https:\\\/\\\/depilacionlaser.pe\\\/blog\\\/depilacion-laser-en-verano\\\/\"},\"author\":{\"name\":\"depilacionblog\",\"@id\":\"https:\\\/\\\/depilacionlaser.pe\\\/blog\\\/#\\\/schema\\\/person\\\/61385c2438d2dca4e6914c898dbe3fd3\"},\"headline\":\"Depilaci\u00f3n l\u00e1ser en verano: \u00bfes posible y seguro realizarla?\",\"datePublished\":\"2025-10-15T08:19:52+00:00\",\"dateModified\":\"2025-10-15T08:19:53+00:00\",\"mainEntityOfPage\":{\"@id\":\"https:\\\/\\\/depilacionlaser.pe\\\/blog\\\/depilacion-laser-en-verano\\\/\"},\"wordCount\":1197,\"commentCount\":0,\"publisher\":{\"@id\":\"https:\\\/\\\/depilacionlaser.pe\\\/blog\\\/#organization\"},\"image\":{\"@id\":\"https:\\\/\\\/depilacionlaser.pe\\\/blog\\\/depilacion-laser-en-verano\\\/#primaryimage\"},\"thumbnailUrl\":\"https:\\\/\\\/depilacionlaser.pe\\\/blog\\\/wp-content\\\/uploads\\\/2025\\\/10\\\/depilacion-laser-en-verano.jpg\",\"keywords\":[\"depilacion laser\",\"depilacion laser verano\",\"depilacion. laser seguro\"],\"articleSection\":[\"Depilaci\u00f3n l\u00e1ser\"],\"inLanguage\":\"es-PE\",\"potentialAction\":[{\"@type\":\"CommentAction\",\"name\":\"Comment\",\"target\":[\"https:\\\/\\\/depilacionlaser.pe\\\/blog\\\/depilacion-laser-en-verano\\\/#respond\"]}]},{\"@type\":\"WebPage\",\"@id\":\"https:\\\/\\\/depilacionlaser.pe\\\/blog\\\/depilacion-laser-en-verano\\\/\",\"url\":\"https:\\\/\\\/depilacionlaser.pe\\\/blog\\\/depilacion-laser-en-verano\\\/\",\"name\":\"Depilaci\u00f3n l\u00e1ser en verano: \u00bfes posible y seguro realizarla? | Est\u00e9tica M\u00e9ndez\",\"isPartOf\":{\"@id\":\"https:\\\/\\\/depilacionlaser.pe\\\/blog\\\/#website\"},\"primaryImageOfPage\":{\"@id\":\"https:\\\/\\\/depilacionlaser.pe\\\/blog\\\/depilacion-laser-en-verano\\\/#primaryimage\"},\"image\":{\"@id\":\"https:\\\/\\\/depilacionlaser.pe\\\/blog\\\/depilacion-laser-en-verano\\\/#primaryimage\"},\"thumbnailUrl\":\"https:\\\/\\\/depilacionlaser.pe\\\/blog\\\/wp-content\\\/uploads\\\/2025\\\/10\\\/depilacion-laser-en-verano.jpg\",\"datePublished\":\"2025-10-15T08:19:52+00:00\",\"dateModified\":\"2025-10-15T08:19:53+00:00\",\"description\":\"La depilaci\u00f3n l\u00e1ser se ha consolidado como uno de los tratamientos est\u00e9ticos m\u00e1s populares para eliminar el vello de forma duradera. Sin embargo, al\",\"breadcrumb\":{\"@id\":\"https:\\\/\\\/depilacionlaser.pe\\\/blog\\\/depilacion-laser-en-verano\\\/#breadcrumb\"},\"inLanguage\":\"es-PE\",\"potentialAction\":[{\"@type\":\"ReadAction\",\"target\":[\"https:\\\/\\\/depilacionlaser.pe\\\/blog\\\/depilacion-laser-en-verano\\\/\"]}]},{\"@type\":\"ImageObject\",\"inLanguage\":\"es-PE\",\"@id\":\"https:\\\/\\\/depilacionlaser.pe\\\/blog\\\/depilacion-laser-en-verano\\\/#primaryimage\",\"url\":\"https:\\\/\\\/depilacionlaser.pe\\\/blog\\\/wp-content\\\/uploads\\\/2025\\\/10\\\/depilacion-laser-en-verano.jpg\",\"contentUrl\":\"https:\\\/\\\/depilacionlaser.pe\\\/blog\\\/wp-content\\\/uploads\\\/2025\\\/10\\\/depilacion-laser-en-verano.jpg\",\"width\":750,\"height\":450,\"caption\":\"depilacion-laser-en-verano\"},{\"@type\":\"BreadcrumbList\",\"@id\":\"https:\\\/\\\/depilacionlaser.pe\\\/blog\\\/depilacion-laser-en-verano\\\/#breadcrumb\",\"itemListElement\":[{\"@type\":\"ListItem\",\"position\":1,\"name\":\"Portada\",\"item\":\"https:\\\/\\\/depilacionlaser.pe\\\/blog\\\/\"},{\"@type\":\"ListItem\",\"position\":2,\"name\":\"Depilaci\u00f3n l\u00e1ser en verano: \u00bfes posible y seguro realizarla?\"}]},{\"@type\":\"WebSite\",\"@id\":\"https:\\\/\\\/depilacionlaser.pe\\\/blog\\\/#website\",\"url\":\"https:\\\/\\\/depilacionlaser.pe\\\/blog\\\/\",\"name\":\"Blog de Tratamientos y Depilaci\u00f3n L\u00e1ser Per\u00fa\",\"description\":\"\",\"publisher\":{\"@id\":\"https:\\\/\\\/depilacionlaser.pe\\\/blog\\\/#organization\"},\"potentialAction\":[{\"@type\":\"SearchAction\",\"target\":{\"@type\":\"EntryPoint\",\"urlTemplate\":\"https:\\\/\\\/depilacionlaser.pe\\\/blog\\\/?s={search_term_string}\"},\"query-input\":{\"@type\":\"PropertyValueSpecification\",\"valueRequired\":true,\"valueName\":\"search_term_string\"}}],\"inLanguage\":\"es-PE\"},{\"@type\":\"Organization\",\"@id\":\"https:\\\/\\\/depilacionlaser.pe\\\/blog\\\/#organization\",\"name\":\"Centro Est\u00e9tica M\u00e9ndez\",\"url\":\"https:\\\/\\\/depilacionlaser.pe\\\/blog\\\/\",\"logo\":{\"@type\":\"ImageObject\",\"inLanguage\":\"es-PE\",\"@id\":\"https:\\\/\\\/depilacionlaser.pe\\\/blog\\\/#\\\/schema\\\/logo\\\/image\\\/\",\"url\":\"https:\\\/\\\/depilacionlaser.pe\\\/blog\\\/wp-content\\\/uploads\\\/2025\\\/10\\\/logo-estetica-laser-mendez-1.webp\",\"contentUrl\":\"https:\\\/\\\/depilacionlaser.pe\\\/blog\\\/wp-content\\\/uploads\\\/2025\\\/10\\\/logo-estetica-laser-mendez-1.webp\",\"width\":1380,\"height\":256,\"caption\":\"Centro Est\u00e9tica M\u00e9ndez\"},\"image\":{\"@id\":\"https:\\\/\\\/depilacionlaser.pe\\\/blog\\\/#\\\/schema\\\/logo\\\/image\\\/\"},\"sameAs\":[\"https:\\\/\\\/www.facebook.com\\\/cirugiaesteticayplasticaperu\",\"https:\\\/\\\/www.instagram.com\\\/draronmymendez\\\/\"]},{\"@type\":\"Person\",\"@id\":\"https:\\\/\\\/depilacionlaser.pe\\\/blog\\\/#\\\/schema\\\/person\\\/61385c2438d2dca4e6914c898dbe3fd3\",\"name\":\"depilacionblog\",\"image\":{\"@type\":\"ImageObject\",\"inLanguage\":\"es-PE\",\"@id\":\"https:\\\/\\\/secure.gravatar.com\\\/avatar\\\/f72e1f8c50893dadbff1efb15b1fe8f85757f0da3c99e5f15758726ff38a20b9?s=96&d=mm&r=g\",\"url\":\"https:\\\/\\\/secure.gravatar.com\\\/avatar\\\/f72e1f8c50893dadbff1efb15b1fe8f85757f0da3c99e5f15758726ff38a20b9?s=96&d=mm&r=g\",\"contentUrl\":\"https:\\\/\\\/secure.gravatar.com\\\/avatar\\\/f72e1f8c50893dadbff1efb15b1fe8f85757f0da3c99e5f15758726ff38a20b9?s=96&d=mm&r=g\",\"caption\":\"depilacionblog\"},\"sameAs\":[\"https:\\\/\\\/depilacionlaser.pe\\\/blog\"],\"url\":\"https:\\\/\\\/depilacionlaser.pe\\\/blog\\\/author\\\/depilacionblog\\\/\"}]}<\/script>\n<!-- \/ Yoast SEO plugin. -->","yoast_head_json":{"title":"Depilaci\u00f3n l\u00e1ser en verano: \u00bfes posible y seguro realizarla? | Est\u00e9tica M\u00e9ndez","description":"La depilaci\u00f3n l\u00e1ser se ha consolidado como uno de los tratamientos est\u00e9ticos m\u00e1s populares para eliminar el vello de forma duradera. Sin embargo, al","robots":{"index":"index","follow":"follow","max-snippet":"max-snippet:-1","max-image-preview":"max-image-preview:large","max-video-preview":"max-video-preview:-1"},"canonical":"https:\/\/depilacionlaser.pe\/blog\/depilacion-laser-en-verano\/","og_locale":"es_ES","og_type":"article","og_title":"Depilaci\u00f3n l\u00e1ser en verano: \u00bfes posible y seguro realizarla? | Est\u00e9tica M\u00e9ndez","og_description":"La depilaci\u00f3n l\u00e1ser se ha consolidado como uno de los tratamientos est\u00e9ticos m\u00e1s populares para eliminar el vello de forma duradera. Sin embargo, al","og_url":"https:\/\/depilacionlaser.pe\/blog\/depilacion-laser-en-verano\/","og_site_name":"Blog de Tratamientos L\u00e1ser Per\u00fa","article_publisher":"https:\/\/www.facebook.com\/cirugiaesteticayplasticaperu","article_published_time":"2025-10-15T08:19:52+00:00","article_modified_time":"2025-10-15T08:19:53+00:00","og_image":[{"width":750,"height":450,"url":"https:\/\/depilacionlaser.pe\/blog\/wp-content\/uploads\/2025\/10\/depilacion-laser-en-verano.jpg","type":"image\/jpeg"}],"author":"depilacionblog","twitter_card":"summary_large_image","twitter_misc":{"Written by":"depilacionblog","Est. reading time":"5 minutos"},"schema":{"@context":"https:\/\/schema.org","@graph":[{"@type":"Article","@id":"https:\/\/depilacionlaser.pe\/blog\/depilacion-laser-en-verano\/#article","isPartOf":{"@id":"https:\/\/depilacionlaser.pe\/blog\/depilacion-laser-en-verano\/"},"author":{"name":"depilacionblog","@id":"https:\/\/depilacionlaser.pe\/blog\/#\/schema\/person\/61385c2438d2dca4e6914c898dbe3fd3"},"headline":"Depilaci\u00f3n l\u00e1ser en verano: \u00bfes posible y seguro realizarla?","datePublished":"2025-10-15T08:19:52+00:00","dateModified":"2025-10-15T08:19:53+00:00","mainEntityOfPage":{"@id":"https:\/\/depilacionlaser.pe\/blog\/depilacion-laser-en-verano\/"},"wordCount":1197,"commentCount":0,"publisher":{"@id":"https:\/\/depilacionlaser.pe\/blog\/#organization"},"image":{"@id":"https:\/\/depilacionlaser.pe\/blog\/depilacion-laser-en-verano\/#primaryimage"},"thumbnailUrl":"https:\/\/depilacionlaser.pe\/blog\/wp-content\/uploads\/2025\/10\/depilacion-laser-en-verano.jpg","keywords":["depilacion laser","depilacion laser verano","depilacion. laser seguro"],"articleSection":["Depilaci\u00f3n l\u00e1ser"],"inLanguage":"es-PE","potentialAction":[{"@type":"CommentAction","name":"Comment","target":["https:\/\/depilacionlaser.pe\/blog\/depilacion-laser-en-verano\/#respond"]}]},{"@type":"WebPage","@id":"https:\/\/depilacionlaser.pe\/blog\/depilacion-laser-en-verano\/","url":"https:\/\/depilacionlaser.pe\/blog\/depilacion-laser-en-verano\/","name":"Depilaci\u00f3n l\u00e1ser en verano: \u00bfes posible y seguro realizarla? | Est\u00e9tica M\u00e9ndez","isPartOf":{"@id":"https:\/\/depilacionlaser.pe\/blog\/#website"},"primaryImageOfPage":{"@id":"https:\/\/depilacionlaser.pe\/blog\/depilacion-laser-en-verano\/#primaryimage"},"image":{"@id":"https:\/\/depilacionlaser.pe\/blog\/depilacion-laser-en-verano\/#primaryimage"},"thumbnailUrl":"https:\/\/depilacionlaser.pe\/blog\/wp-content\/uploads\/2025\/10\/depilacion-laser-en-verano.jpg","datePublished":"2025-10-15T08:19:52+00:00","dateModified":"2025-10-15T08:19:53+00:00","description":"La depilaci\u00f3n l\u00e1ser se ha consolidado como uno de los tratamientos est\u00e9ticos m\u00e1s populares para eliminar el vello de forma duradera. Sin embargo, al","breadcrumb":{"@id":"https:\/\/depilacionlaser.pe\/blog\/depilacion-laser-en-verano\/#breadcrumb"},"inLanguage":"es-PE","potentialAction":[{"@type":"ReadAction","target":["https:\/\/depilacionlaser.pe\/blog\/depilacion-laser-en-verano\/"]}]},{"@type":"ImageObject","inLanguage":"es-PE","@id":"https:\/\/depilacionlaser.pe\/blog\/depilacion-laser-en-verano\/#primaryimage","url":"https:\/\/depilacionlaser.pe\/blog\/wp-content\/uploads\/2025\/10\/depilacion-laser-en-verano.jpg","contentUrl":"https:\/\/depilacionlaser.pe\/blog\/wp-content\/uploads\/2025\/10\/depilacion-laser-en-verano.jpg","width":750,"height":450,"caption":"depilacion-laser-en-verano"},{"@type":"BreadcrumbList","@id":"https:\/\/depilacionlaser.pe\/blog\/depilacion-laser-en-verano\/#breadcrumb","itemListElement":[{"@type":"ListItem","position":1,"name":"Portada","item":"https:\/\/depilacionlaser.pe\/blog\/"},{"@type":"ListItem","position":2,"name":"Depilaci\u00f3n l\u00e1ser en verano: \u00bfes posible y seguro realizarla?"}]},{"@type":"WebSite","@id":"https:\/\/depilacionlaser.pe\/blog\/#website","url":"https:\/\/depilacionlaser.pe\/blog\/","name":"Blog de Tratamientos y Depilaci\u00f3n L\u00e1ser Per\u00fa","description":"","publisher":{"@id":"https:\/\/depilacionlaser.pe\/blog\/#organization"},"potentialAction":[{"@type":"SearchAction","target":{"@type":"EntryPoint","urlTemplate":"https:\/\/depilacionlaser.pe\/blog\/?s={search_term_string}"},"query-input":{"@type":"PropertyValueSpecification","valueRequired":true,"valueName":"search_term_string"}}],"inLanguage":"es-PE"},{"@type":"Organization","@id":"https:\/\/depilacionlaser.pe\/blog\/#organization","name":"Centro Est\u00e9tica M\u00e9ndez","url":"https:\/\/depilacionlaser.pe\/blog\/","logo":{"@type":"ImageObject","inLanguage":"es-PE","@id":"https:\/\/depilacionlaser.pe\/blog\/#\/schema\/logo\/image\/","url":"https:\/\/depilacionlaser.pe\/blog\/wp-content\/uploads\/2025\/10\/logo-estetica-laser-mendez-1.webp","contentUrl":"https:\/\/depilacionlaser.pe\/blog\/wp-content\/uploads\/2025\/10\/logo-estetica-laser-mendez-1.webp","width":1380,"height":256,"caption":"Centro Est\u00e9tica M\u00e9ndez"},"image":{"@id":"https:\/\/depilacionlaser.pe\/blog\/#\/schema\/logo\/image\/"},"sameAs":["https:\/\/www.facebook.com\/cirugiaesteticayplasticaperu","https:\/\/www.instagram.com\/draronmymendez\/"]},{"@type":"Person","@id":"https:\/\/depilacionlaser.pe\/blog\/#\/schema\/person\/61385c2438d2dca4e6914c898dbe3fd3","name":"depilacionblog","image":{"@type":"ImageObject","inLanguage":"es-PE","@id":"https:\/\/secure.gravatar.com\/avatar\/f72e1f8c50893dadbff1efb15b1fe8f85757f0da3c99e5f15758726ff38a20b9?s=96&d=mm&r=g","url":"https:\/\/secure.gravatar.com\/avatar\/f72e1f8c50893dadbff1efb15b1fe8f85757f0da3c99e5f15758726ff38a20b9?s=96&d=mm&r=g","contentUrl":"https:\/\/secure.gravatar.com\/avatar\/f72e1f8c50893dadbff1efb15b1fe8f85757f0da3c99e5f15758726ff38a20b9?s=96&d=mm&r=g","caption":"depilacionblog"},"sameAs":["https:\/\/depilacionlaser.pe\/blog"],"url":"https:\/\/depilacionlaser.pe\/blog\/author\/depilacionblog\/"}]}},"_links":{"self":[{"href":"https:\/\/depilacionlaser.pe\/blog\/wp-json\/wp\/v2\/posts\/73","targetHints":{"allow":["GET"]}}],"collection":[{"href":"https:\/\/depilacionlaser.pe\/blog\/wp-json\/wp\/v2\/posts"}],"about":[{"href":"https:\/\/depilacionlaser.pe\/blog\/wp-json\/wp\/v2\/types\/post"}],"author":[{"embeddable":true,"href":"https:\/\/depilacionlaser.pe\/blog\/wp-json\/wp\/v2\/users\/1"}],"replies":[{"embeddable":true,"href":"https:\/\/depilacionlaser.pe\/blog\/wp-json\/wp\/v2\/comments?post=73"}],"version-history":[{"count":1,"href":"https:\/\/depilacionlaser.pe\/blog\/wp-json\/wp\/v2\/posts\/73\/revisions"}],"predecessor-version":[{"id":74,"href":"https:\/\/depilacionlaser.pe\/blog\/wp-json\/wp\/v2\/posts\/73\/revisions\/74"}],"wp:featuredmedia":[{"embeddable":true,"href":"https:\/\/depilacionlaser.pe\/blog\/wp-json\/wp\/v2\/media\/75"}],"wp:attachment":[{"href":"https:\/\/depilacionlaser.pe\/blog\/wp-json\/wp\/v2\/media?parent=73"}],"wp:term":[{"taxonomy":"category","embeddable":true,"href":"https:\/\/depilacionlaser.pe\/blog\/wp-json\/wp\/v2\/categories?post=73"},{"taxonomy":"post_tag","embeddable":true,"href":"https:\/\/depilacionlaser.pe\/blog\/wp-json\/wp\/v2\/tags?post=73"}],"curies":[{"name":"wp","href":"https:\/\/api.w.org\/{rel}","templated":true}]}}