{"id":68,"date":"2025-10-14T07:34:59","date_gmt":"2025-10-14T12:34:59","guid":{"rendered":"https:\/\/depilacionlaser.pe\/blog\/?p=68"},"modified":"2025-10-14T07:35:00","modified_gmt":"2025-10-14T12:35:00","slug":"efectividad-depilacion-laser-rostro","status":"publish","type":"post","link":"https:\/\/depilacionlaser.pe\/blog\/efectividad-depilacion-laser-rostro\/","title":{"rendered":"Efectividad de la Depilaci\u00f3n L\u00e1ser en rostro: Desmintiendo mitos y revelando la verdad"},"content":{"rendered":"\n<p>La <strong>depilaci\u00f3n l\u00e1ser facial<\/strong> se ha consolidado como uno de los tratamientos est\u00e9ticos m\u00e1s eficaces para eliminar el vello no deseado de forma duradera. A pesar de su popularidad, a\u00fan circulan numerosos <strong>mitos y dudas<\/strong> sobre su efectividad, seguridad y resultados. En <a href=\"https:\/\/depilacionlaser.pe\/\"><strong>Est\u00e9tica M\u00e9ndez<\/strong><\/a>, explicaremos la <strong>verdadera eficacia del l\u00e1ser en el rostro<\/strong>, los avances tecnol\u00f3gicos que lo respaldan y las verdades detr\u00e1s de los mitos m\u00e1s comunes.<\/p>\n\n\n\n<h2 class=\"wp-block-heading\"><strong>\u00bfQu\u00e9 es realmente la depilaci\u00f3n l\u00e1ser facial?<\/strong><\/h2>\n\n\n\n<p>La <a href=\"https:\/\/depilacionlaser.pe\/depilacion-laser-avanzado\/\"><strong>depilaci\u00f3n l\u00e1ser en el rostro<\/strong><\/a> utiliza un <strong>haz de luz concentrado<\/strong> que penetra en el fol\u00edculo piloso y lo destruye desde su ra\u00edz, impidiendo su regeneraci\u00f3n. Esto permite obtener una piel <strong>suave, uniforme y libre de irritaciones<\/strong>, a diferencia de m\u00e9todos tradicionales como la cera o las pinzas.<\/p>\n\n\n\n<p>Adem\u00e1s, los equipos modernos como el <strong>L\u00e1ser Soprano<\/strong> han revolucionado el mercado gracias a su <strong>tecnolog\u00eda avanzada y eficacia comprobada<\/strong>. Este sistema combina longitudes de onda que permiten tratar todo tipo de piel y vello, incluso los m\u00e1s finos o claros, ofreciendo <strong>resultados visibles desde las primeras sesiones<\/strong>. Centros especializados como <strong>Est\u00e9tica M\u00e9ndez<\/strong> utilizan esta tecnolog\u00eda para garantizar un procedimiento seguro, preciso y adaptado a las necesidades de cada paciente, convirti\u00e9ndose en una de las mejores opciones para quienes buscan una <strong>depilaci\u00f3n facial definitiva y profesional<\/strong>.<\/p>\n\n\n\n<h2 class=\"wp-block-heading\"><strong>\u00bfPor qu\u00e9 es tan efectiva en el rostro?<\/strong><\/h2>\n\n\n\n<p>El rostro requiere especial cuidado y precisi\u00f3n, y por ello la depilaci\u00f3n l\u00e1ser resulta tan eficaz. Su efectividad depende de factores como:<\/p>\n\n\n\n<ul class=\"wp-block-list\">\n<li><strong>Fototipo de piel y color del vello:<\/strong> los equipos modernos se adaptan a diferentes caracter\u00edsticas cut\u00e1neas, logrando resultados \u00f3ptimos.<\/li>\n\n\n\n<li><strong>Cantidad de sesiones:<\/strong> se requieren entre <strong>6 y 10 sesiones<\/strong> para alcanzar una reducci\u00f3n del <strong>80 a 90% del vello facial<\/strong>.<\/li>\n\n\n\n<li><strong>Mantenimiento:<\/strong> una o dos sesiones anuales pueden ser suficientes para mantener la piel libre de vello.<\/li>\n\n\n\n<li><strong>Profesionalismo:<\/strong> la experiencia del especialista y el uso de equipos certificados son determinantes para obtener los mejores resultados.<br><\/li>\n<\/ul>\n\n\n\n<h2 class=\"wp-block-heading\"><strong>Mitos comunes sobre la depilaci\u00f3n l\u00e1ser en el rostro<\/strong><\/h2>\n\n\n\n<h3 class=\"wp-block-heading\"><strong>1. \u201cEl l\u00e1ser quema la piel\u201d<\/strong><\/h3>\n\n\n\n<p>Falso. Los sistemas modernos incluyen <strong>tecnolog\u00edas de enfriamiento<\/strong> que protegen la epidermis. Cuando el tratamiento se realiza en centros profesionales, el riesgo de quemaduras es pr\u00e1cticamente nulo.<\/p>\n\n\n\n<h3 class=\"wp-block-heading\"><strong>2. \u201cNo funciona en pieles oscuras o bronceadas\u201d<\/strong><\/h3>\n\n\n\n<p>Antes pod\u00eda ser una limitaci\u00f3n, pero actualmente <strong>tecnolog\u00edas como el L\u00e1ser Soprano o el Nd:YAG<\/strong> permiten tratar todo tipo de piel con la misma seguridad y eficacia.<\/p>\n\n\n\n<h3 class=\"wp-block-heading\"><strong>3. \u201cEl vello vuelve m\u00e1s grueso\u201d<\/strong><\/h3>\n\n\n\n<p>No es cierto. Una vez destruido el fol\u00edculo, el vello que pudiera reaparecer lo hace <strong>m\u00e1s fino y d\u00e9bil<\/strong>. Los supuestos \u201cnuevos vellos\u201d suelen deberse a cambios hormonales y no al mismo fol\u00edculo tratado.<\/p>\n\n\n\n<h3 class=\"wp-block-heading\"><strong>4. \u201cNo se puede aplicar en mujeres\u201d<\/strong><\/h3>\n\n\n\n<p>Falso. El <strong>l\u00e1ser facial en mujeres<\/strong> es seguro y eficaz, especialmente para zonas como el ment\u00f3n, labio superior y patillas, donde puede haber vello hormonal.<\/p>\n\n\n\n<h2 class=\"wp-block-heading\"><strong>Beneficios reales del l\u00e1ser facial<\/strong><\/h2>\n\n\n\n<p>Optar por la <strong>depilaci\u00f3n l\u00e1ser facial<\/strong> ofrece m\u00faltiples beneficios:<\/p>\n\n\n\n<ul class=\"wp-block-list\">\n<li><strong>Reducci\u00f3n duradera del vello<\/strong>, con resultados progresivos.<\/li>\n\n\n\n<li><strong>Menor irritaci\u00f3n y foliculitis<\/strong> respecto a m\u00e9todos convencionales.<\/li>\n\n\n\n<li><strong>Piel m\u00e1s suave y uniforme<\/strong> en pocas sesiones.<\/li>\n\n\n\n<li><strong>Ahorro econ\u00f3mico y de tiempo<\/strong>, al eliminar depilaciones constantes.<\/li>\n\n\n\n<li><strong>Resultados est\u00e9ticos naturales<\/strong>, sin da\u00f1ar la estructura de la piel.<br><\/li>\n<\/ul>\n\n\n\n<h2 class=\"wp-block-heading\"><strong>Zonas del rostro m\u00e1s tratadas con l\u00e1ser<\/strong><\/h2>\n\n\n\n<p>Tanto hombres como mujeres pueden beneficiarse del tratamiento en distintas \u00e1reas:<\/p>\n\n\n\n<ul class=\"wp-block-list\">\n<li><strong>Labio superior<\/strong>, ideal para eliminar el vello fino.<\/li>\n\n\n\n<li><strong>Ment\u00f3n<\/strong>, para controlar el vello hormonal.<\/li>\n\n\n\n<li><strong>Patillas y mejillas<\/strong>, para definir el contorno facial.<\/li>\n\n\n\n<li><strong>Cuello y barba masculina<\/strong>, para reducir irritaci\u00f3n por afeitado.<br><\/li>\n<\/ul>\n\n\n\n<p>La precisi\u00f3n del l\u00e1ser permite personalizar el tratamiento seg\u00fan la zona y tipo de vello, garantizando una piel uniforme y libre de imperfecciones.<\/p>\n\n\n\n<h2 class=\"wp-block-heading\"><strong>Cuidados antes y despu\u00e9s del tratamiento<\/strong><\/h2>\n\n\n\n<h3 class=\"wp-block-heading\"><strong>Antes de la sesi\u00f3n<\/strong><\/h3>\n\n\n\n<ul class=\"wp-block-list\">\n<li>No exponerse al sol ni usar autobronceadores por al menos <strong>15 d\u00edas<\/strong>.<\/li>\n\n\n\n<li>No depilar con cera ni pinzas, solo rasurar la zona.<\/li>\n\n\n\n<li>No aplicar cremas o exfoliantes irritantes.<br><\/li>\n<\/ul>\n\n\n\n<h3 class=\"wp-block-heading\"><strong>Despu\u00e9s de la sesi\u00f3n<\/strong><\/h3>\n\n\n\n<ul class=\"wp-block-list\">\n<li>Aplicar <strong>cremas calmantes o aloe vera<\/strong> recomendadas por el especialista.<\/li>\n\n\n\n<li>Evitar el sol directo y usar protector solar de <strong>SPF 50 o m\u00e1s<\/strong>.<\/li>\n\n\n\n<li>No frotar ni maquillar la zona durante las primeras 24 horas.<\/li>\n\n\n\n<li>Evitar saunas o actividad intensa por 48 horas.<br><\/li>\n<\/ul>\n\n\n\n<h2 class=\"wp-block-heading\"><strong>\u00bfCu\u00e1nto duran los resultados?<\/strong><\/h2>\n\n\n\n<p>La duraci\u00f3n de los resultados depende del tipo de piel, los niveles hormonales y la constancia en el tratamiento. En la mayor\u00eda de los casos, los resultados duran <strong>varios a\u00f1os<\/strong>, y si el vello regresa, lo hace <strong>de forma m\u00e1s delgada y dispersa<\/strong>. Con sesiones de mantenimiento, se puede disfrutar de una piel <strong>libre de vello hasta por 5 a\u00f1os o m\u00e1s<\/strong>.<\/p>\n\n\n\n<h2 class=\"wp-block-heading\"><strong>Evidencia cient\u00edfica y respaldo m\u00e9dico<\/strong><\/h2>\n\n\n\n<p>Estudios dermatol\u00f3gicos avalan que la <strong>depilaci\u00f3n l\u00e1ser facial es segura y efectiva<\/strong>, alcanzando reducciones del vello de hasta <strong>85-90%<\/strong>. Adem\u00e1s, los equipos modernos \u2014como el <strong>L\u00e1ser Soprano Titanium<\/strong> utilizado en cl\u00ednicas especializadas como <strong>Est\u00e9tica M\u00e9ndez<\/strong>\u2014 combinan potencia y confort, garantizando resultados visibles desde las primeras sesiones y sin molestias significativas.<\/p>\n\n\n\n<h2 class=\"wp-block-heading\"><strong>Conclusi\u00f3n: La verdad detr\u00e1s del l\u00e1ser facial<\/strong><\/h2>\n\n\n\n<p>La <strong>efectividad de la depilaci\u00f3n l\u00e1ser en el rostro<\/strong> est\u00e1 comprobada cient\u00edficamente y respaldada por la experiencia cl\u00ednica. Los avances tecnol\u00f3gicos, como el <strong>L\u00e1ser Soprano<\/strong>, han permitido que este procedimiento sea m\u00e1s <strong>seguro, r\u00e1pido y eficaz<\/strong>, adapt\u00e1ndose a distintos tipos de piel.<\/p>\n\n\n\n<p><\/p>\n\n\n\n<p><strong><em>En centros especializados como <\/em><\/strong><a href=\"https:\/\/depilacionlaser.pe\/\"><strong><em>Est\u00e9tica M\u00e9ndez<\/em><\/strong><\/a><strong><em>, cada tratamiento se realiza bajo supervisi\u00f3n profesional, priorizando la salud y satisfacci\u00f3n del paciente. La constancia, los cuidados adecuados y la tecnolog\u00eda correcta son los pilares para obtener una piel suave, limpia y sin vello por largo tiempo.<\/em><\/strong><\/p>\n","protected":false},"excerpt":{"rendered":"<p>La depilaci\u00f3n l\u00e1ser facial se ha consolidado como uno de los tratamientos est\u00e9ticos m\u00e1s eficaces para eliminar el vello no deseado de forma duradera. A pesar de su popularidad, a\u00fan circulan numerosos mitos y&#46;&#46;&#46;<\/p>\n","protected":false},"author":1,"featured_media":70,"comment_status":"open","ping_status":"open","sticky":false,"template":"","format":"standard","meta":{"_joinchat":[],"footnotes":""},"categories":[1],"tags":[11,26,25],"class_list":["post-68","post","type-post","status-publish","format-standard","has-post-thumbnail","hentry","category-depilacion-laser","tag-depilacion-laser","tag-depilacion-laser-facial","tag-depilacion-laser-rostro"],"yoast_head":"<!-- This site is optimized with the Yoast SEO plugin v27.5 - https:\/\/yoast.com\/product\/yoast-seo-wordpress\/ -->\n<title>Efectividad de la Depilaci\u00f3n L\u00e1ser en Rostro<\/title>\n<meta name=\"description\" content=\"La depilaci\u00f3n l\u00e1ser facial se ha consolidado como uno de los tratamientos est\u00e9ticos m\u00e1s eficaces para eliminar el vello no deseado de forma duradera. A\" \/>\n<meta name=\"robots\" content=\"index, follow, max-snippet:-1, max-image-preview:large, max-video-preview:-1\" \/>\n<link rel=\"canonical\" href=\"https:\/\/depilacionlaser.pe\/blog\/efectividad-depilacion-laser-rostro\/\" \/>\n<meta property=\"og:locale\" content=\"es_ES\" \/>\n<meta property=\"og:type\" content=\"article\" \/>\n<meta property=\"og:title\" content=\"Efectividad de la Depilaci\u00f3n L\u00e1ser en Rostro\" \/>\n<meta property=\"og:description\" content=\"La depilaci\u00f3n l\u00e1ser facial se ha consolidado como uno de los tratamientos est\u00e9ticos m\u00e1s eficaces para eliminar el vello no deseado de forma duradera. A\" \/>\n<meta property=\"og:url\" content=\"https:\/\/depilacionlaser.pe\/blog\/efectividad-depilacion-laser-rostro\/\" \/>\n<meta property=\"og:site_name\" content=\"Blog de Tratamientos L\u00e1ser Per\u00fa\" \/>\n<meta property=\"article:publisher\" content=\"https:\/\/www.facebook.com\/cirugiaesteticayplasticaperu\" \/>\n<meta property=\"article:published_time\" content=\"2025-10-14T12:34:59+00:00\" \/>\n<meta property=\"article:modified_time\" content=\"2025-10-14T12:35:00+00:00\" \/>\n<meta property=\"og:image\" content=\"https:\/\/depilacionlaser.pe\/blog\/wp-content\/uploads\/2025\/10\/depilacion-laser-en-el-rostro-efectividad.webp\" \/>\n\t<meta property=\"og:image:width\" content=\"750\" \/>\n\t<meta property=\"og:image:height\" content=\"450\" \/>\n\t<meta property=\"og:image:type\" content=\"image\/webp\" \/>\n<meta name=\"author\" content=\"depilacionblog\" \/>\n<meta name=\"twitter:card\" content=\"summary_large_image\" \/>\n<meta name=\"twitter:label1\" content=\"Written by\" \/>\n\t<meta name=\"twitter:data1\" content=\"depilacionblog\" \/>\n\t<meta name=\"twitter:label2\" content=\"Est. reading time\" \/>\n\t<meta name=\"twitter:data2\" content=\"5 minutos\" \/>\n<script type=\"application\/ld+json\" class=\"yoast-schema-graph\">{\"@context\":\"https:\\\/\\\/schema.org\",\"@graph\":[{\"@type\":\"Article\",\"@id\":\"https:\\\/\\\/depilacionlaser.pe\\\/blog\\\/efectividad-depilacion-laser-rostro\\\/#article\",\"isPartOf\":{\"@id\":\"https:\\\/\\\/depilacionlaser.pe\\\/blog\\\/efectividad-depilacion-laser-rostro\\\/\"},\"author\":{\"name\":\"depilacionblog\",\"@id\":\"https:\\\/\\\/depilacionlaser.pe\\\/blog\\\/#\\\/schema\\\/person\\\/61385c2438d2dca4e6914c898dbe3fd3\"},\"headline\":\"Efectividad de la Depilaci\u00f3n L\u00e1ser en rostro: Desmintiendo mitos y revelando la verdad\",\"datePublished\":\"2025-10-14T12:34:59+00:00\",\"dateModified\":\"2025-10-14T12:35:00+00:00\",\"mainEntityOfPage\":{\"@id\":\"https:\\\/\\\/depilacionlaser.pe\\\/blog\\\/efectividad-depilacion-laser-rostro\\\/\"},\"wordCount\":1000,\"commentCount\":0,\"publisher\":{\"@id\":\"https:\\\/\\\/depilacionlaser.pe\\\/blog\\\/#organization\"},\"image\":{\"@id\":\"https:\\\/\\\/depilacionlaser.pe\\\/blog\\\/efectividad-depilacion-laser-rostro\\\/#primaryimage\"},\"thumbnailUrl\":\"https:\\\/\\\/depilacionlaser.pe\\\/blog\\\/wp-content\\\/uploads\\\/2025\\\/10\\\/depilacion-laser-en-el-rostro-efectividad.webp\",\"keywords\":[\"depilacion laser\",\"depilacion laser facial\",\"depilacion laser rostro\"],\"articleSection\":[\"Depilaci\u00f3n l\u00e1ser\"],\"inLanguage\":\"es-PE\",\"potentialAction\":[{\"@type\":\"CommentAction\",\"name\":\"Comment\",\"target\":[\"https:\\\/\\\/depilacionlaser.pe\\\/blog\\\/efectividad-depilacion-laser-rostro\\\/#respond\"]}]},{\"@type\":\"WebPage\",\"@id\":\"https:\\\/\\\/depilacionlaser.pe\\\/blog\\\/efectividad-depilacion-laser-rostro\\\/\",\"url\":\"https:\\\/\\\/depilacionlaser.pe\\\/blog\\\/efectividad-depilacion-laser-rostro\\\/\",\"name\":\"Efectividad de la Depilaci\u00f3n L\u00e1ser en Rostro\",\"isPartOf\":{\"@id\":\"https:\\\/\\\/depilacionlaser.pe\\\/blog\\\/#website\"},\"primaryImageOfPage\":{\"@id\":\"https:\\\/\\\/depilacionlaser.pe\\\/blog\\\/efectividad-depilacion-laser-rostro\\\/#primaryimage\"},\"image\":{\"@id\":\"https:\\\/\\\/depilacionlaser.pe\\\/blog\\\/efectividad-depilacion-laser-rostro\\\/#primaryimage\"},\"thumbnailUrl\":\"https:\\\/\\\/depilacionlaser.pe\\\/blog\\\/wp-content\\\/uploads\\\/2025\\\/10\\\/depilacion-laser-en-el-rostro-efectividad.webp\",\"datePublished\":\"2025-10-14T12:34:59+00:00\",\"dateModified\":\"2025-10-14T12:35:00+00:00\",\"description\":\"La depilaci\u00f3n l\u00e1ser facial se ha consolidado como uno de los tratamientos est\u00e9ticos m\u00e1s eficaces para eliminar el vello no deseado de forma duradera. A\",\"breadcrumb\":{\"@id\":\"https:\\\/\\\/depilacionlaser.pe\\\/blog\\\/efectividad-depilacion-laser-rostro\\\/#breadcrumb\"},\"inLanguage\":\"es-PE\",\"potentialAction\":[{\"@type\":\"ReadAction\",\"target\":[\"https:\\\/\\\/depilacionlaser.pe\\\/blog\\\/efectividad-depilacion-laser-rostro\\\/\"]}]},{\"@type\":\"ImageObject\",\"inLanguage\":\"es-PE\",\"@id\":\"https:\\\/\\\/depilacionlaser.pe\\\/blog\\\/efectividad-depilacion-laser-rostro\\\/#primaryimage\",\"url\":\"https:\\\/\\\/depilacionlaser.pe\\\/blog\\\/wp-content\\\/uploads\\\/2025\\\/10\\\/depilacion-laser-en-el-rostro-efectividad.webp\",\"contentUrl\":\"https:\\\/\\\/depilacionlaser.pe\\\/blog\\\/wp-content\\\/uploads\\\/2025\\\/10\\\/depilacion-laser-en-el-rostro-efectividad.webp\",\"width\":750,\"height\":450,\"caption\":\"depilacion-laser-en-el-rostro-efectividad\"},{\"@type\":\"BreadcrumbList\",\"@id\":\"https:\\\/\\\/depilacionlaser.pe\\\/blog\\\/efectividad-depilacion-laser-rostro\\\/#breadcrumb\",\"itemListElement\":[{\"@type\":\"ListItem\",\"position\":1,\"name\":\"Portada\",\"item\":\"https:\\\/\\\/depilacionlaser.pe\\\/blog\\\/\"},{\"@type\":\"ListItem\",\"position\":2,\"name\":\"Efectividad de la Depilaci\u00f3n L\u00e1ser en rostro: Desmintiendo mitos y revelando la verdad\"}]},{\"@type\":\"WebSite\",\"@id\":\"https:\\\/\\\/depilacionlaser.pe\\\/blog\\\/#website\",\"url\":\"https:\\\/\\\/depilacionlaser.pe\\\/blog\\\/\",\"name\":\"Blog de Tratamientos y Depilaci\u00f3n L\u00e1ser Per\u00fa\",\"description\":\"\",\"publisher\":{\"@id\":\"https:\\\/\\\/depilacionlaser.pe\\\/blog\\\/#organization\"},\"potentialAction\":[{\"@type\":\"SearchAction\",\"target\":{\"@type\":\"EntryPoint\",\"urlTemplate\":\"https:\\\/\\\/depilacionlaser.pe\\\/blog\\\/?s={search_term_string}\"},\"query-input\":{\"@type\":\"PropertyValueSpecification\",\"valueRequired\":true,\"valueName\":\"search_term_string\"}}],\"inLanguage\":\"es-PE\"},{\"@type\":\"Organization\",\"@id\":\"https:\\\/\\\/depilacionlaser.pe\\\/blog\\\/#organization\",\"name\":\"Centro Est\u00e9tica M\u00e9ndez\",\"url\":\"https:\\\/\\\/depilacionlaser.pe\\\/blog\\\/\",\"logo\":{\"@type\":\"ImageObject\",\"inLanguage\":\"es-PE\",\"@id\":\"https:\\\/\\\/depilacionlaser.pe\\\/blog\\\/#\\\/schema\\\/logo\\\/image\\\/\",\"url\":\"https:\\\/\\\/depilacionlaser.pe\\\/blog\\\/wp-content\\\/uploads\\\/2025\\\/10\\\/logo-estetica-laser-mendez-1.webp\",\"contentUrl\":\"https:\\\/\\\/depilacionlaser.pe\\\/blog\\\/wp-content\\\/uploads\\\/2025\\\/10\\\/logo-estetica-laser-mendez-1.webp\",\"width\":1380,\"height\":256,\"caption\":\"Centro Est\u00e9tica M\u00e9ndez\"},\"image\":{\"@id\":\"https:\\\/\\\/depilacionlaser.pe\\\/blog\\\/#\\\/schema\\\/logo\\\/image\\\/\"},\"sameAs\":[\"https:\\\/\\\/www.facebook.com\\\/cirugiaesteticayplasticaperu\",\"https:\\\/\\\/www.instagram.com\\\/draronmymendez\\\/\"]},{\"@type\":\"Person\",\"@id\":\"https:\\\/\\\/depilacionlaser.pe\\\/blog\\\/#\\\/schema\\\/person\\\/61385c2438d2dca4e6914c898dbe3fd3\",\"name\":\"depilacionblog\",\"image\":{\"@type\":\"ImageObject\",\"inLanguage\":\"es-PE\",\"@id\":\"https:\\\/\\\/secure.gravatar.com\\\/avatar\\\/f72e1f8c50893dadbff1efb15b1fe8f85757f0da3c99e5f15758726ff38a20b9?s=96&d=mm&r=g\",\"url\":\"https:\\\/\\\/secure.gravatar.com\\\/avatar\\\/f72e1f8c50893dadbff1efb15b1fe8f85757f0da3c99e5f15758726ff38a20b9?s=96&d=mm&r=g\",\"contentUrl\":\"https:\\\/\\\/secure.gravatar.com\\\/avatar\\\/f72e1f8c50893dadbff1efb15b1fe8f85757f0da3c99e5f15758726ff38a20b9?s=96&d=mm&r=g\",\"caption\":\"depilacionblog\"},\"sameAs\":[\"https:\\\/\\\/depilacionlaser.pe\\\/blog\"],\"url\":\"https:\\\/\\\/depilacionlaser.pe\\\/blog\\\/author\\\/depilacionblog\\\/\"}]}<\/script>\n<!-- \/ Yoast SEO plugin. -->","yoast_head_json":{"title":"Efectividad de la Depilaci\u00f3n L\u00e1ser en Rostro","description":"La depilaci\u00f3n l\u00e1ser facial se ha consolidado como uno de los tratamientos est\u00e9ticos m\u00e1s eficaces para eliminar el vello no deseado de forma duradera. A","robots":{"index":"index","follow":"follow","max-snippet":"max-snippet:-1","max-image-preview":"max-image-preview:large","max-video-preview":"max-video-preview:-1"},"canonical":"https:\/\/depilacionlaser.pe\/blog\/efectividad-depilacion-laser-rostro\/","og_locale":"es_ES","og_type":"article","og_title":"Efectividad de la Depilaci\u00f3n L\u00e1ser en Rostro","og_description":"La depilaci\u00f3n l\u00e1ser facial se ha consolidado como uno de los tratamientos est\u00e9ticos m\u00e1s eficaces para eliminar el vello no deseado de forma duradera. A","og_url":"https:\/\/depilacionlaser.pe\/blog\/efectividad-depilacion-laser-rostro\/","og_site_name":"Blog de Tratamientos L\u00e1ser Per\u00fa","article_publisher":"https:\/\/www.facebook.com\/cirugiaesteticayplasticaperu","article_published_time":"2025-10-14T12:34:59+00:00","article_modified_time":"2025-10-14T12:35:00+00:00","og_image":[{"width":750,"height":450,"url":"https:\/\/depilacionlaser.pe\/blog\/wp-content\/uploads\/2025\/10\/depilacion-laser-en-el-rostro-efectividad.webp","type":"image\/webp"}],"author":"depilacionblog","twitter_card":"summary_large_image","twitter_misc":{"Written by":"depilacionblog","Est. reading time":"5 minutos"},"schema":{"@context":"https:\/\/schema.org","@graph":[{"@type":"Article","@id":"https:\/\/depilacionlaser.pe\/blog\/efectividad-depilacion-laser-rostro\/#article","isPartOf":{"@id":"https:\/\/depilacionlaser.pe\/blog\/efectividad-depilacion-laser-rostro\/"},"author":{"name":"depilacionblog","@id":"https:\/\/depilacionlaser.pe\/blog\/#\/schema\/person\/61385c2438d2dca4e6914c898dbe3fd3"},"headline":"Efectividad de la Depilaci\u00f3n L\u00e1ser en rostro: Desmintiendo mitos y revelando la verdad","datePublished":"2025-10-14T12:34:59+00:00","dateModified":"2025-10-14T12:35:00+00:00","mainEntityOfPage":{"@id":"https:\/\/depilacionlaser.pe\/blog\/efectividad-depilacion-laser-rostro\/"},"wordCount":1000,"commentCount":0,"publisher":{"@id":"https:\/\/depilacionlaser.pe\/blog\/#organization"},"image":{"@id":"https:\/\/depilacionlaser.pe\/blog\/efectividad-depilacion-laser-rostro\/#primaryimage"},"thumbnailUrl":"https:\/\/depilacionlaser.pe\/blog\/wp-content\/uploads\/2025\/10\/depilacion-laser-en-el-rostro-efectividad.webp","keywords":["depilacion laser","depilacion laser facial","depilacion laser rostro"],"articleSection":["Depilaci\u00f3n l\u00e1ser"],"inLanguage":"es-PE","potentialAction":[{"@type":"CommentAction","name":"Comment","target":["https:\/\/depilacionlaser.pe\/blog\/efectividad-depilacion-laser-rostro\/#respond"]}]},{"@type":"WebPage","@id":"https:\/\/depilacionlaser.pe\/blog\/efectividad-depilacion-laser-rostro\/","url":"https:\/\/depilacionlaser.pe\/blog\/efectividad-depilacion-laser-rostro\/","name":"Efectividad de la Depilaci\u00f3n L\u00e1ser en Rostro","isPartOf":{"@id":"https:\/\/depilacionlaser.pe\/blog\/#website"},"primaryImageOfPage":{"@id":"https:\/\/depilacionlaser.pe\/blog\/efectividad-depilacion-laser-rostro\/#primaryimage"},"image":{"@id":"https:\/\/depilacionlaser.pe\/blog\/efectividad-depilacion-laser-rostro\/#primaryimage"},"thumbnailUrl":"https:\/\/depilacionlaser.pe\/blog\/wp-content\/uploads\/2025\/10\/depilacion-laser-en-el-rostro-efectividad.webp","datePublished":"2025-10-14T12:34:59+00:00","dateModified":"2025-10-14T12:35:00+00:00","description":"La depilaci\u00f3n l\u00e1ser facial se ha consolidado como uno de los tratamientos est\u00e9ticos m\u00e1s eficaces para eliminar el vello no deseado de forma duradera. A","breadcrumb":{"@id":"https:\/\/depilacionlaser.pe\/blog\/efectividad-depilacion-laser-rostro\/#breadcrumb"},"inLanguage":"es-PE","potentialAction":[{"@type":"ReadAction","target":["https:\/\/depilacionlaser.pe\/blog\/efectividad-depilacion-laser-rostro\/"]}]},{"@type":"ImageObject","inLanguage":"es-PE","@id":"https:\/\/depilacionlaser.pe\/blog\/efectividad-depilacion-laser-rostro\/#primaryimage","url":"https:\/\/depilacionlaser.pe\/blog\/wp-content\/uploads\/2025\/10\/depilacion-laser-en-el-rostro-efectividad.webp","contentUrl":"https:\/\/depilacionlaser.pe\/blog\/wp-content\/uploads\/2025\/10\/depilacion-laser-en-el-rostro-efectividad.webp","width":750,"height":450,"caption":"depilacion-laser-en-el-rostro-efectividad"},{"@type":"BreadcrumbList","@id":"https:\/\/depilacionlaser.pe\/blog\/efectividad-depilacion-laser-rostro\/#breadcrumb","itemListElement":[{"@type":"ListItem","position":1,"name":"Portada","item":"https:\/\/depilacionlaser.pe\/blog\/"},{"@type":"ListItem","position":2,"name":"Efectividad de la Depilaci\u00f3n L\u00e1ser en rostro: Desmintiendo mitos y revelando la verdad"}]},{"@type":"WebSite","@id":"https:\/\/depilacionlaser.pe\/blog\/#website","url":"https:\/\/depilacionlaser.pe\/blog\/","name":"Blog de Tratamientos y Depilaci\u00f3n L\u00e1ser Per\u00fa","description":"","publisher":{"@id":"https:\/\/depilacionlaser.pe\/blog\/#organization"},"potentialAction":[{"@type":"SearchAction","target":{"@type":"EntryPoint","urlTemplate":"https:\/\/depilacionlaser.pe\/blog\/?s={search_term_string}"},"query-input":{"@type":"PropertyValueSpecification","valueRequired":true,"valueName":"search_term_string"}}],"inLanguage":"es-PE"},{"@type":"Organization","@id":"https:\/\/depilacionlaser.pe\/blog\/#organization","name":"Centro Est\u00e9tica M\u00e9ndez","url":"https:\/\/depilacionlaser.pe\/blog\/","logo":{"@type":"ImageObject","inLanguage":"es-PE","@id":"https:\/\/depilacionlaser.pe\/blog\/#\/schema\/logo\/image\/","url":"https:\/\/depilacionlaser.pe\/blog\/wp-content\/uploads\/2025\/10\/logo-estetica-laser-mendez-1.webp","contentUrl":"https:\/\/depilacionlaser.pe\/blog\/wp-content\/uploads\/2025\/10\/logo-estetica-laser-mendez-1.webp","width":1380,"height":256,"caption":"Centro Est\u00e9tica M\u00e9ndez"},"image":{"@id":"https:\/\/depilacionlaser.pe\/blog\/#\/schema\/logo\/image\/"},"sameAs":["https:\/\/www.facebook.com\/cirugiaesteticayplasticaperu","https:\/\/www.instagram.com\/draronmymendez\/"]},{"@type":"Person","@id":"https:\/\/depilacionlaser.pe\/blog\/#\/schema\/person\/61385c2438d2dca4e6914c898dbe3fd3","name":"depilacionblog","image":{"@type":"ImageObject","inLanguage":"es-PE","@id":"https:\/\/secure.gravatar.com\/avatar\/f72e1f8c50893dadbff1efb15b1fe8f85757f0da3c99e5f15758726ff38a20b9?s=96&d=mm&r=g","url":"https:\/\/secure.gravatar.com\/avatar\/f72e1f8c50893dadbff1efb15b1fe8f85757f0da3c99e5f15758726ff38a20b9?s=96&d=mm&r=g","contentUrl":"https:\/\/secure.gravatar.com\/avatar\/f72e1f8c50893dadbff1efb15b1fe8f85757f0da3c99e5f15758726ff38a20b9?s=96&d=mm&r=g","caption":"depilacionblog"},"sameAs":["https:\/\/depilacionlaser.pe\/blog"],"url":"https:\/\/depilacionlaser.pe\/blog\/author\/depilacionblog\/"}]}},"_links":{"self":[{"href":"https:\/\/depilacionlaser.pe\/blog\/wp-json\/wp\/v2\/posts\/68","targetHints":{"allow":["GET"]}}],"collection":[{"href":"https:\/\/depilacionlaser.pe\/blog\/wp-json\/wp\/v2\/posts"}],"about":[{"href":"https:\/\/depilacionlaser.pe\/blog\/wp-json\/wp\/v2\/types\/post"}],"author":[{"embeddable":true,"href":"https:\/\/depilacionlaser.pe\/blog\/wp-json\/wp\/v2\/users\/1"}],"replies":[{"embeddable":true,"href":"https:\/\/depilacionlaser.pe\/blog\/wp-json\/wp\/v2\/comments?post=68"}],"version-history":[{"count":1,"href":"https:\/\/depilacionlaser.pe\/blog\/wp-json\/wp\/v2\/posts\/68\/revisions"}],"predecessor-version":[{"id":69,"href":"https:\/\/depilacionlaser.pe\/blog\/wp-json\/wp\/v2\/posts\/68\/revisions\/69"}],"wp:featuredmedia":[{"embeddable":true,"href":"https:\/\/depilacionlaser.pe\/blog\/wp-json\/wp\/v2\/media\/70"}],"wp:attachment":[{"href":"https:\/\/depilacionlaser.pe\/blog\/wp-json\/wp\/v2\/media?parent=68"}],"wp:term":[{"taxonomy":"category","embeddable":true,"href":"https:\/\/depilacionlaser.pe\/blog\/wp-json\/wp\/v2\/categories?post=68"},{"taxonomy":"post_tag","embeddable":true,"href":"https:\/\/depilacionlaser.pe\/blog\/wp-json\/wp\/v2\/tags?post=68"}],"curies":[{"name":"wp","href":"https:\/\/api.w.org\/{rel}","templated":true}]}}