{"id":34,"date":"2025-10-07T16:08:04","date_gmt":"2025-10-07T21:08:04","guid":{"rendered":"https:\/\/depilacionlaser.pe\/blog\/?p=34"},"modified":"2025-10-07T16:08:05","modified_gmt":"2025-10-07T21:08:05","slug":"por-que-algunos-vellos-vuelven-crecer-tras-depilacion-laser","status":"publish","type":"post","link":"https:\/\/depilacionlaser.pe\/blog\/por-que-algunos-vellos-vuelven-crecer-tras-depilacion-laser\/","title":{"rendered":"\u00bfPor qu\u00e9 algunos vellos vuelven a crecer tras la depilaci\u00f3n l\u00e1ser?"},"content":{"rendered":"\n<p>La <strong><a href=\"https:\/\/depilacionlaser.pe\/depilacion-laser-avanzado\/\">depilaci\u00f3n l\u00e1ser<\/a><\/strong> se ha convertido en uno de los tratamientos est\u00e9ticos m\u00e1s solicitados por su eficacia y resultados duraderos. Sin embargo, muchas personas se preguntan <strong>por qu\u00e9 algunos vellos vuelven a aparecer<\/strong> despu\u00e9s de varias sesiones. Aunque el l\u00e1ser promete una reducci\u00f3n permanente del vello, existen factores biol\u00f3gicos, hormonales y t\u00e9cnicos que pueden influir en su reaparici\u00f3n. A continuaci\u00f3n en <strong><a href=\"https:\/\/depilacionlaser.pe\/\">Est\u00e9tica M\u00e9ndez<\/a><\/strong>, explicamos de forma detallada las razones detr\u00e1s de este fen\u00f3meno y c\u00f3mo obtener resultados \u00f3ptimos.<\/p>\n\n\n\n<h2 class=\"wp-block-heading\"><strong>C\u00f3mo funciona realmente la depilaci\u00f3n l\u00e1ser<\/strong><\/h2>\n\n\n\n<p>El <strong>l\u00e1ser para depilaci\u00f3n<\/strong> act\u00faa mediante un proceso llamado <strong>fototerm\u00f3lisis selectiva<\/strong>. Este consiste en emitir un haz de luz que es absorbido por la <strong>melanina del fol\u00edculo piloso<\/strong>, generando calor suficiente para <strong>destruir la ra\u00edz del vello<\/strong> sin da\u00f1ar la piel circundante.<\/p>\n\n\n\n<p>No obstante, el l\u00e1ser <strong>solo afecta los fol\u00edculos que se encuentran en fase an\u00e1gena<\/strong>, es decir, la etapa de crecimiento activo. Dado que no todos los vellos est\u00e1n en esa fase al mismo tiempo, se requieren varias sesiones para alcanzar una eliminaci\u00f3n eficaz.<\/p>\n\n\n\n<h2 class=\"wp-block-heading\"><strong>Factores que explican el crecimiento posterior del vello<\/strong><\/h2>\n\n\n\n<p>Aunque el tratamiento es altamente efectivo, <strong>no garantiza la eliminaci\u00f3n del 100% del vello<\/strong>. Hay varios motivos por los que algunos pueden volver a crecer.<\/p>\n\n\n\n<h3 class=\"wp-block-heading\"><strong>1. Ciclos de crecimiento del vello<\/strong><\/h3>\n\n\n\n<p>El vello corporal pasa por tres fases: <strong>an\u00e1gena (crecimiento), cat\u00e1gena (transici\u00f3n)<\/strong> y <strong>tel\u00f3gena (reposo)<\/strong>.<br>El l\u00e1ser solo act\u00faa sobre los fol\u00edculos activos, por lo que los que se encontraban en reposo <strong>no son destruidos durante la sesi\u00f3n<\/strong>. Con el tiempo, esos fol\u00edculos pueden activarse, dando lugar a <strong>nuevos vellos visibles<\/strong>.<\/p>\n\n\n\n<p>Por ello, los especialistas recomiendan <strong>entre 6 y 8 sesiones<\/strong> para obtener resultados duraderos y cubrir los distintos ciclos capilares.<\/p>\n\n\n\n<h3 class=\"wp-block-heading\"><strong>2. Factores hormonales<\/strong><\/h3>\n\n\n\n<p>Los <strong>cambios hormonales<\/strong> son una de las causas m\u00e1s comunes de reaparici\u00f3n del vello.<br>Etapas como la <strong>pubertad, embarazo, menopausia<\/strong> o trastornos endocrinos como el <strong>s\u00edndrome de ovario poliqu\u00edstico (SOP)<\/strong> pueden alterar los niveles de andr\u00f3genos, lo que <strong>estimula la aparici\u00f3n de nuevos fol\u00edculos pilosos activos<\/strong>.<\/p>\n\n\n\n<p>Incluso si los fol\u00edculos tratados fueron eliminados, <strong>los nuevos est\u00edmulos hormonales pueden activar otros latentes<\/strong>, generando vello en zonas previamente tratadas.<\/p>\n\n\n\n<h3 class=\"wp-block-heading\"><strong>3. Tipo de piel y color del vello<\/strong><\/h3>\n\n\n\n<p>El \u00e9xito de la depilaci\u00f3n l\u00e1ser depende en gran medida del <strong>fototipo de piel y del color del vello<\/strong>.<br>El l\u00e1ser identifica la melanina como objetivo principal, por lo que es m\u00e1s efectivo en <strong>pieles claras con vellos oscuros<\/strong>. En cambio, los vellos <strong>claros, grises o pelirrojos<\/strong> contienen menos melanina, lo que <strong>dificulta la absorci\u00f3n del haz de luz<\/strong> y reduce su efectividad.<\/p>\n\n\n\n<p>En estos casos, pueden requerirse m\u00e1s sesiones o <strong>tecnolog\u00edas l\u00e1ser espec\u00edficas<\/strong>, como el <strong>l\u00e1ser Nd:YAG<\/strong> o el <strong>l\u00e1ser de diodo avanzado<\/strong>, capaces de adaptarse a distintos tipos de piel.<\/p>\n\n\n\n<h3 class=\"wp-block-heading\"><strong>4. Falta de mantenimiento o sesiones incompletas<\/strong><\/h3>\n\n\n\n<p>Otro motivo frecuente es <strong>interrumpir el tratamiento antes de finalizar todas las sesiones recomendadas<\/strong>.<br>Cada sesi\u00f3n est\u00e1 dise\u00f1ada para atacar una parte diferente de los fol\u00edculos activos, por lo que suspenderlo antes de tiempo <strong>permite que algunos sobrevivan<\/strong>.<\/p>\n\n\n\n<p>Adem\u00e1s, los expertos recomiendan <strong>sesiones de mantenimiento anual<\/strong> para evitar la reactivaci\u00f3n de fol\u00edculos residuales o nuevos brotes hormonales.<\/p>\n\n\n\n<h3 class=\"wp-block-heading\"><strong>5. Uso de tecnolog\u00eda inadecuada o mala calibraci\u00f3n<\/strong><\/h3>\n\n\n\n<p>No todos los equipos l\u00e1ser ofrecen la misma potencia o longitud de onda.<br>Un equipo mal calibrado, de baja calidad o aplicado por personal no especializado <strong>puede no alcanzar la profundidad necesaria<\/strong> para destruir el fol\u00edculo, generando un efecto temporal en lugar de permanente.<\/p>\n\n\n\n<p>Por esta raz\u00f3n, es fundamental acudir a <strong>centros est\u00e9ticos certificados y con equipos m\u00e9dicos de \u00faltima generaci\u00f3n<\/strong>, donde se personalice la potencia y frecuencia del l\u00e1ser seg\u00fan el tipo de piel y zona corporal.<\/p>\n\n\n\n<h2 class=\"wp-block-heading\"><strong>Diferencias entre depilaci\u00f3n l\u00e1ser y fotodepilaci\u00f3n (IPL)<\/strong><\/h2>\n\n\n\n<p>Muchas personas confunden ambos tratamientos, pero hay diferencias clave.<br>La <strong>depilaci\u00f3n l\u00e1ser<\/strong> utiliza una longitud de onda \u00fanica, lo que permite <strong>mayor precisi\u00f3n y profundidad<\/strong> en la destrucci\u00f3n del fol\u00edculo. En cambio, la <strong>luz pulsada intensa (IPL)<\/strong> emplea un espectro de luz m\u00e1s amplio y disperso, que <strong>puede ofrecer resultados menos duraderos<\/strong>.<\/p>\n\n\n\n<p>Por lo tanto, quienes buscan <strong>una reducci\u00f3n permanente del vello<\/strong> deben optar por <strong>l\u00e1ser m\u00e9dico especializado<\/strong>, especialmente en zonas hormonales como el rostro, el cuello o el abdomen.<\/p>\n\n\n\n<h2 class=\"wp-block-heading\"><strong>Zonas donde el vello tiende a reaparecer con mayor frecuencia<\/strong><\/h2>\n\n\n\n<p>Las \u00e1reas con <strong>influencia hormonal<\/strong> suelen presentar mayor posibilidad de rebrote. Entre ellas destacan:<\/p>\n\n\n\n<ul class=\"wp-block-list\">\n<li><strong>Rostro y ment\u00f3n<\/strong> (principalmente en mujeres con desequilibrios hormonales)<\/li>\n\n\n\n<li><strong>Pecho y abdomen inferior<\/strong><\/li>\n\n\n\n<li><strong>L\u00ednea alba y cuello<\/strong><\/li>\n\n\n\n<li><strong>Espalda y hombros en hombres<\/strong><\/li>\n<\/ul>\n\n\n\n<p>En contraste, zonas como <strong>axilas, piernas y bikini<\/strong> presentan resultados m\u00e1s estables y duraderos.<\/p>\n\n\n\n<h2 class=\"wp-block-heading\"><strong>C\u00f3mo prevenir la reaparici\u00f3n del vello tras el tratamiento<\/strong><\/h2>\n\n\n\n<p>Aunque no se puede garantizar la eliminaci\u00f3n total, hay estrategias efectivas para <strong>mantener la piel libre de vello por m\u00e1s tiempo<\/strong>:<\/p>\n\n\n\n<ol class=\"wp-block-list\">\n<li><strong>Completar todas las sesiones indicadas<\/strong> por el especialista.<\/li>\n\n\n\n<li><strong>Evitar la exposici\u00f3n solar<\/strong> antes y despu\u00e9s de cada sesi\u00f3n.<\/li>\n\n\n\n<li><strong>No depilar con cera ni pinzas<\/strong> durante el tratamiento, ya que se eliminan los fol\u00edculos que el l\u00e1ser debe atacar.<\/li>\n\n\n\n<li><strong>Realizar sesiones de mantenimiento cada 6 o 12 meses.<\/strong><\/li>\n\n\n\n<li>Mantener un <strong>equilibrio hormonal saludable<\/strong>, especialmente en casos de SOP o desequilibrios endocrinos.<\/li>\n<\/ol>\n\n\n\n<p>Siguiendo estas recomendaciones, es posible <strong>reducir significativamente la posibilidad de que el vello vuelva a crecer<\/strong>.<\/p>\n\n\n\n<h2 class=\"wp-block-heading\"><strong>Cu\u00e1ndo consultar a un especialista<\/strong><\/h2>\n\n\n\n<p>Si notas <strong>reaparici\u00f3n del vello grueso o en nuevas zonas<\/strong>, lo ideal es <strong>consultar a un dermat\u00f3logo o m\u00e9dico est\u00e9tico especializado en depilaci\u00f3n l\u00e1ser<\/strong>.<br>Un diagn\u00f3stico personalizado permitir\u00e1 <strong>identificar si el rebrote es hormonal, t\u00e9cnico o fisiol\u00f3gico<\/strong>, y ajustar el protocolo con el tipo de l\u00e1ser m\u00e1s adecuado.<\/p>\n\n\n\n<p>Recordemos que cada cuerpo es \u00fanico y responde de forma distinta. La clave est\u00e1 en <strong>una evaluaci\u00f3n m\u00e9dica precisa y un seguimiento profesional constante<\/strong>.<\/p>\n\n\n\n<p>En conclusi\u00f3n, la depilaci\u00f3n l\u00e1ser es una de las mejores soluciones est\u00e9ticas para eliminar el vello no deseado de manera duradera, pero <strong>su efectividad depende de m\u00faltiples factores<\/strong>, desde el tipo de piel y vello hasta el equilibrio hormonal y la constancia del paciente.<\/p>\n\n\n\n<p>Comprender c\u00f3mo funciona el tratamiento y seguir las recomendaciones adecuadas permitir\u00e1 <strong>obtener resultados \u00f3ptimos y duraderos<\/strong>, minimizando la posibilidad de reaparici\u00f3n del vello.<\/p>\n\n\n\n<h3 class=\"wp-block-heading\"><strong>Descubre los beneficios del L\u00e1ser Soprano Platinum<\/strong><\/h3>\n\n\n\n<p>En <strong><a href=\"https:\/\/depilacionlaser.pe\/\">Cl\u00ednica Est\u00e9tica M\u00e9ndez<\/a><\/strong>, trabajamos con la <strong>tecnolog\u00eda m\u00e1s avanzada en depilaci\u00f3n definitiva<\/strong>: el <strong>L\u00e1ser Soprano Platinum<\/strong>, reconocido mundialmente por su eficacia, seguridad y confort. Este sistema combina <strong>tres longitudes de onda (Alejandrita, Diodo y ND:YAG)<\/strong> en un solo disparo, lo que permite <strong>tratar todo tipo de pieles y vellos<\/strong> \u2014incluso los m\u00e1s claros o finos\u2014 con resultados superiores y sin dolor. Gracias a su tecnolog\u00eda <strong>de barrido continuo y enfriamiento por contacto<\/strong>, el tratamiento es r\u00e1pido, c\u00f3modo y completamente seguro durante todo el a\u00f1o, incluso en pieles bronceadas.<\/p>\n\n\n\n<p>Si buscas una depilaci\u00f3n <strong>efectiva, indolora y duradera<\/strong>, el <strong>Soprano Platinum<\/strong> es tu mejor opci\u00f3n.<\/p>\n\n\n\n<p><em><strong>\ud83d\udc49 Agenda tu cita en Est\u00e9tica M\u00e9ndez y experimenta la nueva generaci\u00f3n en depilaci\u00f3n l\u00e1ser profesional.<\/strong><\/em><\/p>\n","protected":false},"excerpt":{"rendered":"<p>La depilaci\u00f3n l\u00e1ser se ha convertido en uno de los tratamientos est\u00e9ticos m\u00e1s solicitados por su eficacia y resultados duraderos. Sin embargo, muchas personas se preguntan por qu\u00e9 algunos vellos vuelven a aparecer despu\u00e9s&#46;&#46;&#46;<\/p>\n","protected":false},"author":1,"featured_media":43,"comment_status":"open","ping_status":"open","sticky":false,"template":"","format":"standard","meta":{"_joinchat":[],"footnotes":""},"categories":[1],"tags":[11,12,13],"class_list":["post-34","post","type-post","status-publish","format-standard","has-post-thumbnail","hentry","category-depilacion-laser","tag-depilacion-laser","tag-depilacion-laser-vellos","tag-depilacion-vellos"],"yoast_head":"<!-- This site is optimized with the Yoast SEO plugin v27.5 - https:\/\/yoast.com\/product\/yoast-seo-wordpress\/ -->\n<title>\u00bfPor qu\u00e9 algunos vellos vuelven a crecer tras la depilaci\u00f3n l\u00e1ser? | Est\u00e9tica M\u00e9ndez<\/title>\n<meta name=\"description\" content=\"La depilaci\u00f3n l\u00e1ser se ha convertido en uno de los tratamientos est\u00e9ticos m\u00e1s solicitados por su eficacia y resultados duraderos. Sin embargo, muchas\" \/>\n<meta name=\"robots\" content=\"index, follow, max-snippet:-1, max-image-preview:large, max-video-preview:-1\" \/>\n<link rel=\"canonical\" href=\"https:\/\/depilacionlaser.pe\/blog\/por-que-algunos-vellos-vuelven-crecer-tras-depilacion-laser\/\" \/>\n<meta property=\"og:locale\" content=\"es_ES\" \/>\n<meta property=\"og:type\" content=\"article\" \/>\n<meta property=\"og:title\" content=\"\u00bfPor qu\u00e9 algunos vellos vuelven a crecer tras la depilaci\u00f3n l\u00e1ser? | Est\u00e9tica M\u00e9ndez\" \/>\n<meta property=\"og:description\" content=\"La depilaci\u00f3n l\u00e1ser se ha convertido en uno de los tratamientos est\u00e9ticos m\u00e1s solicitados por su eficacia y resultados duraderos. Sin embargo, muchas\" \/>\n<meta property=\"og:url\" content=\"https:\/\/depilacionlaser.pe\/blog\/por-que-algunos-vellos-vuelven-crecer-tras-depilacion-laser\/\" \/>\n<meta property=\"og:site_name\" content=\"Blog de Tratamientos L\u00e1ser Per\u00fa\" \/>\n<meta property=\"article:publisher\" content=\"https:\/\/www.facebook.com\/cirugiaesteticayplasticaperu\" \/>\n<meta property=\"article:published_time\" content=\"2025-10-07T21:08:04+00:00\" \/>\n<meta property=\"article:modified_time\" content=\"2025-10-07T21:08:05+00:00\" \/>\n<meta property=\"og:image\" content=\"https:\/\/depilacionlaser.pe\/blog\/wp-content\/uploads\/2025\/10\/depilacion-laser-vellos-vuelven-a-crecer.webp\" \/>\n\t<meta property=\"og:image:width\" content=\"1031\" \/>\n\t<meta property=\"og:image:height\" content=\"619\" \/>\n\t<meta property=\"og:image:type\" content=\"image\/webp\" \/>\n<meta name=\"author\" content=\"depilacionblog\" \/>\n<meta name=\"twitter:card\" content=\"summary_large_image\" \/>\n<meta name=\"twitter:label1\" content=\"Written by\" \/>\n\t<meta name=\"twitter:data1\" content=\"depilacionblog\" \/>\n\t<meta name=\"twitter:label2\" content=\"Est. reading time\" \/>\n\t<meta name=\"twitter:data2\" content=\"6 minutos\" \/>\n<script type=\"application\/ld+json\" class=\"yoast-schema-graph\">{\"@context\":\"https:\\\/\\\/schema.org\",\"@graph\":[{\"@type\":\"Article\",\"@id\":\"https:\\\/\\\/depilacionlaser.pe\\\/blog\\\/por-que-algunos-vellos-vuelven-crecer-tras-depilacion-laser\\\/#article\",\"isPartOf\":{\"@id\":\"https:\\\/\\\/depilacionlaser.pe\\\/blog\\\/por-que-algunos-vellos-vuelven-crecer-tras-depilacion-laser\\\/\"},\"author\":{\"name\":\"depilacionblog\",\"@id\":\"https:\\\/\\\/depilacionlaser.pe\\\/blog\\\/#\\\/schema\\\/person\\\/61385c2438d2dca4e6914c898dbe3fd3\"},\"headline\":\"\u00bfPor qu\u00e9 algunos vellos vuelven a crecer tras la depilaci\u00f3n l\u00e1ser?\",\"datePublished\":\"2025-10-07T21:08:04+00:00\",\"dateModified\":\"2025-10-07T21:08:05+00:00\",\"mainEntityOfPage\":{\"@id\":\"https:\\\/\\\/depilacionlaser.pe\\\/blog\\\/por-que-algunos-vellos-vuelven-crecer-tras-depilacion-laser\\\/\"},\"wordCount\":1268,\"commentCount\":0,\"publisher\":{\"@id\":\"https:\\\/\\\/depilacionlaser.pe\\\/blog\\\/#organization\"},\"image\":{\"@id\":\"https:\\\/\\\/depilacionlaser.pe\\\/blog\\\/por-que-algunos-vellos-vuelven-crecer-tras-depilacion-laser\\\/#primaryimage\"},\"thumbnailUrl\":\"https:\\\/\\\/depilacionlaser.pe\\\/blog\\\/wp-content\\\/uploads\\\/2025\\\/10\\\/depilacion-laser-vellos-vuelven-a-crecer.webp\",\"keywords\":[\"depilacion laser\",\"depilacion laser vellos\",\"depilacion vellos\"],\"articleSection\":[\"Depilaci\u00f3n l\u00e1ser\"],\"inLanguage\":\"es-PE\",\"potentialAction\":[{\"@type\":\"CommentAction\",\"name\":\"Comment\",\"target\":[\"https:\\\/\\\/depilacionlaser.pe\\\/blog\\\/por-que-algunos-vellos-vuelven-crecer-tras-depilacion-laser\\\/#respond\"]}]},{\"@type\":\"WebPage\",\"@id\":\"https:\\\/\\\/depilacionlaser.pe\\\/blog\\\/por-que-algunos-vellos-vuelven-crecer-tras-depilacion-laser\\\/\",\"url\":\"https:\\\/\\\/depilacionlaser.pe\\\/blog\\\/por-que-algunos-vellos-vuelven-crecer-tras-depilacion-laser\\\/\",\"name\":\"\u00bfPor qu\u00e9 algunos vellos vuelven a crecer tras la depilaci\u00f3n l\u00e1ser? | Est\u00e9tica M\u00e9ndez\",\"isPartOf\":{\"@id\":\"https:\\\/\\\/depilacionlaser.pe\\\/blog\\\/#website\"},\"primaryImageOfPage\":{\"@id\":\"https:\\\/\\\/depilacionlaser.pe\\\/blog\\\/por-que-algunos-vellos-vuelven-crecer-tras-depilacion-laser\\\/#primaryimage\"},\"image\":{\"@id\":\"https:\\\/\\\/depilacionlaser.pe\\\/blog\\\/por-que-algunos-vellos-vuelven-crecer-tras-depilacion-laser\\\/#primaryimage\"},\"thumbnailUrl\":\"https:\\\/\\\/depilacionlaser.pe\\\/blog\\\/wp-content\\\/uploads\\\/2025\\\/10\\\/depilacion-laser-vellos-vuelven-a-crecer.webp\",\"datePublished\":\"2025-10-07T21:08:04+00:00\",\"dateModified\":\"2025-10-07T21:08:05+00:00\",\"description\":\"La depilaci\u00f3n l\u00e1ser se ha convertido en uno de los tratamientos est\u00e9ticos m\u00e1s solicitados por su eficacia y resultados duraderos. Sin embargo, muchas\",\"breadcrumb\":{\"@id\":\"https:\\\/\\\/depilacionlaser.pe\\\/blog\\\/por-que-algunos-vellos-vuelven-crecer-tras-depilacion-laser\\\/#breadcrumb\"},\"inLanguage\":\"es-PE\",\"potentialAction\":[{\"@type\":\"ReadAction\",\"target\":[\"https:\\\/\\\/depilacionlaser.pe\\\/blog\\\/por-que-algunos-vellos-vuelven-crecer-tras-depilacion-laser\\\/\"]}]},{\"@type\":\"ImageObject\",\"inLanguage\":\"es-PE\",\"@id\":\"https:\\\/\\\/depilacionlaser.pe\\\/blog\\\/por-que-algunos-vellos-vuelven-crecer-tras-depilacion-laser\\\/#primaryimage\",\"url\":\"https:\\\/\\\/depilacionlaser.pe\\\/blog\\\/wp-content\\\/uploads\\\/2025\\\/10\\\/depilacion-laser-vellos-vuelven-a-crecer.webp\",\"contentUrl\":\"https:\\\/\\\/depilacionlaser.pe\\\/blog\\\/wp-content\\\/uploads\\\/2025\\\/10\\\/depilacion-laser-vellos-vuelven-a-crecer.webp\",\"width\":1031,\"height\":619,\"caption\":\"depilacion-laser-vellos-vuelven-a-crecer\"},{\"@type\":\"BreadcrumbList\",\"@id\":\"https:\\\/\\\/depilacionlaser.pe\\\/blog\\\/por-que-algunos-vellos-vuelven-crecer-tras-depilacion-laser\\\/#breadcrumb\",\"itemListElement\":[{\"@type\":\"ListItem\",\"position\":1,\"name\":\"Portada\",\"item\":\"https:\\\/\\\/depilacionlaser.pe\\\/blog\\\/\"},{\"@type\":\"ListItem\",\"position\":2,\"name\":\"\u00bfPor qu\u00e9 algunos vellos vuelven a crecer tras la depilaci\u00f3n l\u00e1ser?\"}]},{\"@type\":\"WebSite\",\"@id\":\"https:\\\/\\\/depilacionlaser.pe\\\/blog\\\/#website\",\"url\":\"https:\\\/\\\/depilacionlaser.pe\\\/blog\\\/\",\"name\":\"Blog de Tratamientos y Depilaci\u00f3n L\u00e1ser Per\u00fa\",\"description\":\"\",\"publisher\":{\"@id\":\"https:\\\/\\\/depilacionlaser.pe\\\/blog\\\/#organization\"},\"potentialAction\":[{\"@type\":\"SearchAction\",\"target\":{\"@type\":\"EntryPoint\",\"urlTemplate\":\"https:\\\/\\\/depilacionlaser.pe\\\/blog\\\/?s={search_term_string}\"},\"query-input\":{\"@type\":\"PropertyValueSpecification\",\"valueRequired\":true,\"valueName\":\"search_term_string\"}}],\"inLanguage\":\"es-PE\"},{\"@type\":\"Organization\",\"@id\":\"https:\\\/\\\/depilacionlaser.pe\\\/blog\\\/#organization\",\"name\":\"Centro Est\u00e9tica M\u00e9ndez\",\"url\":\"https:\\\/\\\/depilacionlaser.pe\\\/blog\\\/\",\"logo\":{\"@type\":\"ImageObject\",\"inLanguage\":\"es-PE\",\"@id\":\"https:\\\/\\\/depilacionlaser.pe\\\/blog\\\/#\\\/schema\\\/logo\\\/image\\\/\",\"url\":\"https:\\\/\\\/depilacionlaser.pe\\\/blog\\\/wp-content\\\/uploads\\\/2025\\\/10\\\/logo-estetica-laser-mendez-1.webp\",\"contentUrl\":\"https:\\\/\\\/depilacionlaser.pe\\\/blog\\\/wp-content\\\/uploads\\\/2025\\\/10\\\/logo-estetica-laser-mendez-1.webp\",\"width\":1380,\"height\":256,\"caption\":\"Centro Est\u00e9tica M\u00e9ndez\"},\"image\":{\"@id\":\"https:\\\/\\\/depilacionlaser.pe\\\/blog\\\/#\\\/schema\\\/logo\\\/image\\\/\"},\"sameAs\":[\"https:\\\/\\\/www.facebook.com\\\/cirugiaesteticayplasticaperu\",\"https:\\\/\\\/www.instagram.com\\\/draronmymendez\\\/\"]},{\"@type\":\"Person\",\"@id\":\"https:\\\/\\\/depilacionlaser.pe\\\/blog\\\/#\\\/schema\\\/person\\\/61385c2438d2dca4e6914c898dbe3fd3\",\"name\":\"depilacionblog\",\"image\":{\"@type\":\"ImageObject\",\"inLanguage\":\"es-PE\",\"@id\":\"https:\\\/\\\/secure.gravatar.com\\\/avatar\\\/f72e1f8c50893dadbff1efb15b1fe8f85757f0da3c99e5f15758726ff38a20b9?s=96&d=mm&r=g\",\"url\":\"https:\\\/\\\/secure.gravatar.com\\\/avatar\\\/f72e1f8c50893dadbff1efb15b1fe8f85757f0da3c99e5f15758726ff38a20b9?s=96&d=mm&r=g\",\"contentUrl\":\"https:\\\/\\\/secure.gravatar.com\\\/avatar\\\/f72e1f8c50893dadbff1efb15b1fe8f85757f0da3c99e5f15758726ff38a20b9?s=96&d=mm&r=g\",\"caption\":\"depilacionblog\"},\"sameAs\":[\"https:\\\/\\\/depilacionlaser.pe\\\/blog\"],\"url\":\"https:\\\/\\\/depilacionlaser.pe\\\/blog\\\/author\\\/depilacionblog\\\/\"}]}<\/script>\n<!-- \/ Yoast SEO plugin. -->","yoast_head_json":{"title":"\u00bfPor qu\u00e9 algunos vellos vuelven a crecer tras la depilaci\u00f3n l\u00e1ser? | Est\u00e9tica M\u00e9ndez","description":"La depilaci\u00f3n l\u00e1ser se ha convertido en uno de los tratamientos est\u00e9ticos m\u00e1s solicitados por su eficacia y resultados duraderos. Sin embargo, muchas","robots":{"index":"index","follow":"follow","max-snippet":"max-snippet:-1","max-image-preview":"max-image-preview:large","max-video-preview":"max-video-preview:-1"},"canonical":"https:\/\/depilacionlaser.pe\/blog\/por-que-algunos-vellos-vuelven-crecer-tras-depilacion-laser\/","og_locale":"es_ES","og_type":"article","og_title":"\u00bfPor qu\u00e9 algunos vellos vuelven a crecer tras la depilaci\u00f3n l\u00e1ser? | Est\u00e9tica M\u00e9ndez","og_description":"La depilaci\u00f3n l\u00e1ser se ha convertido en uno de los tratamientos est\u00e9ticos m\u00e1s solicitados por su eficacia y resultados duraderos. Sin embargo, muchas","og_url":"https:\/\/depilacionlaser.pe\/blog\/por-que-algunos-vellos-vuelven-crecer-tras-depilacion-laser\/","og_site_name":"Blog de Tratamientos L\u00e1ser Per\u00fa","article_publisher":"https:\/\/www.facebook.com\/cirugiaesteticayplasticaperu","article_published_time":"2025-10-07T21:08:04+00:00","article_modified_time":"2025-10-07T21:08:05+00:00","og_image":[{"width":1031,"height":619,"url":"https:\/\/depilacionlaser.pe\/blog\/wp-content\/uploads\/2025\/10\/depilacion-laser-vellos-vuelven-a-crecer.webp","type":"image\/webp"}],"author":"depilacionblog","twitter_card":"summary_large_image","twitter_misc":{"Written by":"depilacionblog","Est. reading time":"6 minutos"},"schema":{"@context":"https:\/\/schema.org","@graph":[{"@type":"Article","@id":"https:\/\/depilacionlaser.pe\/blog\/por-que-algunos-vellos-vuelven-crecer-tras-depilacion-laser\/#article","isPartOf":{"@id":"https:\/\/depilacionlaser.pe\/blog\/por-que-algunos-vellos-vuelven-crecer-tras-depilacion-laser\/"},"author":{"name":"depilacionblog","@id":"https:\/\/depilacionlaser.pe\/blog\/#\/schema\/person\/61385c2438d2dca4e6914c898dbe3fd3"},"headline":"\u00bfPor qu\u00e9 algunos vellos vuelven a crecer tras la depilaci\u00f3n l\u00e1ser?","datePublished":"2025-10-07T21:08:04+00:00","dateModified":"2025-10-07T21:08:05+00:00","mainEntityOfPage":{"@id":"https:\/\/depilacionlaser.pe\/blog\/por-que-algunos-vellos-vuelven-crecer-tras-depilacion-laser\/"},"wordCount":1268,"commentCount":0,"publisher":{"@id":"https:\/\/depilacionlaser.pe\/blog\/#organization"},"image":{"@id":"https:\/\/depilacionlaser.pe\/blog\/por-que-algunos-vellos-vuelven-crecer-tras-depilacion-laser\/#primaryimage"},"thumbnailUrl":"https:\/\/depilacionlaser.pe\/blog\/wp-content\/uploads\/2025\/10\/depilacion-laser-vellos-vuelven-a-crecer.webp","keywords":["depilacion laser","depilacion laser vellos","depilacion vellos"],"articleSection":["Depilaci\u00f3n l\u00e1ser"],"inLanguage":"es-PE","potentialAction":[{"@type":"CommentAction","name":"Comment","target":["https:\/\/depilacionlaser.pe\/blog\/por-que-algunos-vellos-vuelven-crecer-tras-depilacion-laser\/#respond"]}]},{"@type":"WebPage","@id":"https:\/\/depilacionlaser.pe\/blog\/por-que-algunos-vellos-vuelven-crecer-tras-depilacion-laser\/","url":"https:\/\/depilacionlaser.pe\/blog\/por-que-algunos-vellos-vuelven-crecer-tras-depilacion-laser\/","name":"\u00bfPor qu\u00e9 algunos vellos vuelven a crecer tras la depilaci\u00f3n l\u00e1ser? | Est\u00e9tica M\u00e9ndez","isPartOf":{"@id":"https:\/\/depilacionlaser.pe\/blog\/#website"},"primaryImageOfPage":{"@id":"https:\/\/depilacionlaser.pe\/blog\/por-que-algunos-vellos-vuelven-crecer-tras-depilacion-laser\/#primaryimage"},"image":{"@id":"https:\/\/depilacionlaser.pe\/blog\/por-que-algunos-vellos-vuelven-crecer-tras-depilacion-laser\/#primaryimage"},"thumbnailUrl":"https:\/\/depilacionlaser.pe\/blog\/wp-content\/uploads\/2025\/10\/depilacion-laser-vellos-vuelven-a-crecer.webp","datePublished":"2025-10-07T21:08:04+00:00","dateModified":"2025-10-07T21:08:05+00:00","description":"La depilaci\u00f3n l\u00e1ser se ha convertido en uno de los tratamientos est\u00e9ticos m\u00e1s solicitados por su eficacia y resultados duraderos. Sin embargo, muchas","breadcrumb":{"@id":"https:\/\/depilacionlaser.pe\/blog\/por-que-algunos-vellos-vuelven-crecer-tras-depilacion-laser\/#breadcrumb"},"inLanguage":"es-PE","potentialAction":[{"@type":"ReadAction","target":["https:\/\/depilacionlaser.pe\/blog\/por-que-algunos-vellos-vuelven-crecer-tras-depilacion-laser\/"]}]},{"@type":"ImageObject","inLanguage":"es-PE","@id":"https:\/\/depilacionlaser.pe\/blog\/por-que-algunos-vellos-vuelven-crecer-tras-depilacion-laser\/#primaryimage","url":"https:\/\/depilacionlaser.pe\/blog\/wp-content\/uploads\/2025\/10\/depilacion-laser-vellos-vuelven-a-crecer.webp","contentUrl":"https:\/\/depilacionlaser.pe\/blog\/wp-content\/uploads\/2025\/10\/depilacion-laser-vellos-vuelven-a-crecer.webp","width":1031,"height":619,"caption":"depilacion-laser-vellos-vuelven-a-crecer"},{"@type":"BreadcrumbList","@id":"https:\/\/depilacionlaser.pe\/blog\/por-que-algunos-vellos-vuelven-crecer-tras-depilacion-laser\/#breadcrumb","itemListElement":[{"@type":"ListItem","position":1,"name":"Portada","item":"https:\/\/depilacionlaser.pe\/blog\/"},{"@type":"ListItem","position":2,"name":"\u00bfPor qu\u00e9 algunos vellos vuelven a crecer tras la depilaci\u00f3n l\u00e1ser?"}]},{"@type":"WebSite","@id":"https:\/\/depilacionlaser.pe\/blog\/#website","url":"https:\/\/depilacionlaser.pe\/blog\/","name":"Blog de Tratamientos y Depilaci\u00f3n L\u00e1ser Per\u00fa","description":"","publisher":{"@id":"https:\/\/depilacionlaser.pe\/blog\/#organization"},"potentialAction":[{"@type":"SearchAction","target":{"@type":"EntryPoint","urlTemplate":"https:\/\/depilacionlaser.pe\/blog\/?s={search_term_string}"},"query-input":{"@type":"PropertyValueSpecification","valueRequired":true,"valueName":"search_term_string"}}],"inLanguage":"es-PE"},{"@type":"Organization","@id":"https:\/\/depilacionlaser.pe\/blog\/#organization","name":"Centro Est\u00e9tica M\u00e9ndez","url":"https:\/\/depilacionlaser.pe\/blog\/","logo":{"@type":"ImageObject","inLanguage":"es-PE","@id":"https:\/\/depilacionlaser.pe\/blog\/#\/schema\/logo\/image\/","url":"https:\/\/depilacionlaser.pe\/blog\/wp-content\/uploads\/2025\/10\/logo-estetica-laser-mendez-1.webp","contentUrl":"https:\/\/depilacionlaser.pe\/blog\/wp-content\/uploads\/2025\/10\/logo-estetica-laser-mendez-1.webp","width":1380,"height":256,"caption":"Centro Est\u00e9tica M\u00e9ndez"},"image":{"@id":"https:\/\/depilacionlaser.pe\/blog\/#\/schema\/logo\/image\/"},"sameAs":["https:\/\/www.facebook.com\/cirugiaesteticayplasticaperu","https:\/\/www.instagram.com\/draronmymendez\/"]},{"@type":"Person","@id":"https:\/\/depilacionlaser.pe\/blog\/#\/schema\/person\/61385c2438d2dca4e6914c898dbe3fd3","name":"depilacionblog","image":{"@type":"ImageObject","inLanguage":"es-PE","@id":"https:\/\/secure.gravatar.com\/avatar\/f72e1f8c50893dadbff1efb15b1fe8f85757f0da3c99e5f15758726ff38a20b9?s=96&d=mm&r=g","url":"https:\/\/secure.gravatar.com\/avatar\/f72e1f8c50893dadbff1efb15b1fe8f85757f0da3c99e5f15758726ff38a20b9?s=96&d=mm&r=g","contentUrl":"https:\/\/secure.gravatar.com\/avatar\/f72e1f8c50893dadbff1efb15b1fe8f85757f0da3c99e5f15758726ff38a20b9?s=96&d=mm&r=g","caption":"depilacionblog"},"sameAs":["https:\/\/depilacionlaser.pe\/blog"],"url":"https:\/\/depilacionlaser.pe\/blog\/author\/depilacionblog\/"}]}},"_links":{"self":[{"href":"https:\/\/depilacionlaser.pe\/blog\/wp-json\/wp\/v2\/posts\/34","targetHints":{"allow":["GET"]}}],"collection":[{"href":"https:\/\/depilacionlaser.pe\/blog\/wp-json\/wp\/v2\/posts"}],"about":[{"href":"https:\/\/depilacionlaser.pe\/blog\/wp-json\/wp\/v2\/types\/post"}],"author":[{"embeddable":true,"href":"https:\/\/depilacionlaser.pe\/blog\/wp-json\/wp\/v2\/users\/1"}],"replies":[{"embeddable":true,"href":"https:\/\/depilacionlaser.pe\/blog\/wp-json\/wp\/v2\/comments?post=34"}],"version-history":[{"count":3,"href":"https:\/\/depilacionlaser.pe\/blog\/wp-json\/wp\/v2\/posts\/34\/revisions"}],"predecessor-version":[{"id":44,"href":"https:\/\/depilacionlaser.pe\/blog\/wp-json\/wp\/v2\/posts\/34\/revisions\/44"}],"wp:featuredmedia":[{"embeddable":true,"href":"https:\/\/depilacionlaser.pe\/blog\/wp-json\/wp\/v2\/media\/43"}],"wp:attachment":[{"href":"https:\/\/depilacionlaser.pe\/blog\/wp-json\/wp\/v2\/media?parent=34"}],"wp:term":[{"taxonomy":"category","embeddable":true,"href":"https:\/\/depilacionlaser.pe\/blog\/wp-json\/wp\/v2\/categories?post=34"},{"taxonomy":"post_tag","embeddable":true,"href":"https:\/\/depilacionlaser.pe\/blog\/wp-json\/wp\/v2\/tags?post=34"}],"curies":[{"name":"wp","href":"https:\/\/api.w.org\/{rel}","templated":true}]}}