{"id":189,"date":"2026-04-24T22:55:48","date_gmt":"2026-04-25T03:55:48","guid":{"rendered":"https:\/\/depilacionlaser.pe\/blog\/?p=189"},"modified":"2026-05-01T22:59:26","modified_gmt":"2026-05-02T03:59:26","slug":"depilacion-laser-adolescentes-a-que-edad-realmente-seguro","status":"publish","type":"post","link":"https:\/\/depilacionlaser.pe\/blog\/depilacion-laser-adolescentes-a-que-edad-realmente-seguro\/","title":{"rendered":"Depilaci\u00f3n l\u00e1ser para adolescentes: \u00bfA qu\u00e9 edad es realmente seguro comenzar?"},"content":{"rendered":"\n<p>La <strong><a href=\"https:\/\/depilacionlaser.pe\/depilacion-laser-avanzado\/\">depilaci\u00f3n l\u00e1ser en adolescentes<\/a><\/strong> se ha convertido en una de las consultas m\u00e1s frecuentes en centros especializados como el <a href=\"https:\/\/depilacionlaser.pe\/\"><strong>Centro Est\u00e9tico M\u00e9ndez<\/strong><\/a>, donde cada vez m\u00e1s padres buscan alternativas seguras y efectivas para el cuidado est\u00e9tico de sus hijos. La creciente exposici\u00f3n a est\u00e1ndares de belleza, sumada a la incomodidad que genera el vello no deseado en edades tempranas, ha impulsado el inter\u00e9s por este tratamiento. Sin embargo, surge una pregunta clave: <strong>\u00bfcu\u00e1l es la edad adecuada para comenzar y bajo qu\u00e9 condiciones es realmente seguro?<\/strong><\/p>\n\n\n\n<h2 class=\"wp-block-heading\"><strong>\u00bfQu\u00e9 es la depilaci\u00f3n l\u00e1ser y c\u00f3mo funciona en adolescentes?<\/strong><\/h2>\n\n\n\n<p>La <strong>depilaci\u00f3n l\u00e1ser<\/strong> es un procedimiento est\u00e9tico que utiliza luz concentrada para eliminar el vello desde la ra\u00edz, afectando el fol\u00edculo piloso y reduciendo su capacidad de regeneraci\u00f3n. En adolescentes, el funcionamiento es similar al de adultos, pero con una diferencia fundamental: <strong>el componente hormonal a\u00fan est\u00e1 en desarrollo<\/strong>, lo que influye directamente en la efectividad y permanencia de los resultados.<\/p>\n\n\n\n<p>Esto significa que, aunque el l\u00e1ser puede eliminar el vello existente, <strong>los cambios hormonales propios de la adolescencia pueden generar nuevos fol\u00edculos activos<\/strong>, lo que obliga a realizar sesiones de mantenimiento m\u00e1s frecuentes.<\/p>\n\n\n\n<h2 class=\"wp-block-heading\"><strong>Edad recomendada para iniciar la depilaci\u00f3n l\u00e1ser<\/strong><\/h2>\n\n\n\n<p>No existe una edad universal exacta, pero los especialistas coinciden en un criterio clave: <strong>la madurez hormonal y el desarrollo f\u00edsico deben estar suficientemente avanzados<\/strong>.<\/p>\n\n\n\n<h3 class=\"wp-block-heading\"><strong>Rango recomendado<\/strong><\/h3>\n\n\n\n<ul class=\"wp-block-list\">\n<li><strong>Desde los 12 a 14 a\u00f1os<\/strong>: solo en casos espec\u00edficos y con autorizaci\u00f3n m\u00e9dica.<\/li>\n\n\n\n<li><strong>A partir de los 15 a 16 a\u00f1os<\/strong>: etapa m\u00e1s recomendable, especialmente si el crecimiento del vello es estable.<\/li>\n<\/ul>\n\n\n\n<h3 class=\"wp-block-heading\"><strong>Factores determinantes<\/strong><\/h3>\n\n\n\n<ul class=\"wp-block-list\">\n<li>Nivel de desarrollo hormonal<\/li>\n\n\n\n<li>Tipo de piel y vello<\/li>\n\n\n\n<li>Sensibilidad cut\u00e1nea<\/li>\n\n\n\n<li>Evaluaci\u00f3n m\u00e9dica previa<\/li>\n<\/ul>\n\n\n\n<p>El error m\u00e1s com\u00fan es iniciar demasiado temprano sin considerar estos factores, lo que puede generar <strong>resultados inconsistentes o poco duraderos<\/strong>.<\/p>\n\n\n\n<h2 class=\"wp-block-heading\"><strong>\u00bfEs segura la depilaci\u00f3n l\u00e1ser en adolescentes?<\/strong><\/h2>\n\n\n\n<p>S\u00ed, <strong>la depilaci\u00f3n l\u00e1ser es segura en adolescentes<\/strong>, siempre que se cumplan ciertas condiciones:<\/p>\n\n\n\n<h3 class=\"wp-block-heading\"><strong>1. Evaluaci\u00f3n profesional previa<\/strong><\/h3>\n\n\n\n<p>Un diagn\u00f3stico adecuado permite determinar si el adolescente es candidato al tratamiento.<\/p>\n\n\n\n<h3 class=\"wp-block-heading\"><strong>2. Tecnolog\u00eda adecuada<\/strong><\/h3>\n\n\n\n<p>El uso de equipos avanzados minimiza riesgos y mejora resultados.<\/p>\n\n\n\n<h3 class=\"wp-block-heading\"><strong>3. Supervisi\u00f3n especializada<\/strong><\/h3>\n\n\n\n<p>El procedimiento debe realizarse en centros certificados con personal capacitado.<\/p>\n\n\n\n<p>Cuando estos elementos se cumplen, los riesgos son m\u00ednimos y se reducen a efectos leves como enrojecimiento temporal o sensibilidad en la zona tratada.<\/p>\n\n\n\n<h2 class=\"wp-block-heading\"><strong>Importancia de la tecnolog\u00eda: L\u00e1ser Soprano Titanium ICE<\/strong><\/h2>\n\n\n\n<p>Uno de los avances m\u00e1s importantes en este campo es el uso del <strong>L\u00e1ser Soprano Titanium ICE<\/strong>, reconocido por su eficacia y seguridad en pieles sensibles, incluyendo adolescentes.<\/p>\n\n\n\n<h3 class=\"wp-block-heading\"><strong>Ventajas clave<\/strong><\/h3>\n\n\n\n<ul class=\"wp-block-list\">\n<li>Tecnolog\u00eda <strong>indolora o de baja molestia<\/strong><\/li>\n\n\n\n<li>Sistema de enfriamiento que protege la piel<\/li>\n\n\n\n<li>Compatible con diferentes fototipos<\/li>\n\n\n\n<li>Permite tratar zonas amplias en menos tiempo<\/li>\n<\/ul>\n\n\n\n<p>Este tipo de tecnolog\u00eda es especialmente recomendable en adolescentes, ya que <strong>reduce la incomodidad y el riesgo de irritaciones<\/strong>, factores cr\u00edticos en edades tempranas.<\/p>\n\n\n\n<h2 class=\"wp-block-heading\"><strong>Zonas m\u00e1s comunes de tratamiento en adolescentes<\/strong><\/h2>\n\n\n\n<p>Las \u00e1reas m\u00e1s solicitadas suelen estar relacionadas con factores est\u00e9ticos y sociales:<\/p>\n\n\n\n<ul class=\"wp-block-list\">\n<li><strong>Axilas<\/strong><\/li>\n\n\n\n<li><strong>Piernas<\/strong><\/li>\n\n\n\n<li><strong>Bozo (labio superior)<\/strong><\/li>\n\n\n\n<li><strong>Bikini<\/strong><\/li>\n\n\n\n<li><strong>Brazos<\/strong><\/li>\n<\/ul>\n\n\n\n<p>En cada caso, el tratamiento debe adaptarse a la sensibilidad de la piel y al nivel de crecimiento del vello.<\/p>\n\n\n\n<h2 class=\"wp-block-heading\"><strong>Beneficios de la depilaci\u00f3n l\u00e1ser en adolescentes<\/strong><\/h2>\n\n\n\n<p>M\u00e1s all\u00e1 de lo est\u00e9tico, este tratamiento ofrece m\u00faltiples ventajas:<\/p>\n\n\n\n<h3 class=\"wp-block-heading\"><strong>1. Mejora de la autoestima<\/strong><\/h3>\n\n\n\n<p>Eliminando inseguridades asociadas al vello visible.<\/p>\n\n\n\n<h3 class=\"wp-block-heading\"><strong>2. Reducci\u00f3n de m\u00e9todos agresivos<\/strong><\/h3>\n\n\n\n<p>Evita el uso constante de cera, rasurado o cremas depilatorias que pueden irritar la piel.<\/p>\n\n\n\n<h3 class=\"wp-block-heading\"><strong>3. Resultados progresivos y duraderos<\/strong><\/h3>\n\n\n\n<p>Aunque no siempre definitivos en esta etapa, s\u00ed significativamente efectivos.<\/p>\n\n\n\n<h3 class=\"wp-block-heading\"><strong>4. Prevenci\u00f3n de problemas cut\u00e1neos<\/strong><\/h3>\n\n\n\n<p>Disminuye la aparici\u00f3n de foliculitis, vellos encarnados e irritaciones.<\/p>\n\n\n\n<h2 class=\"wp-block-heading\"><strong>Riesgos y consideraciones importantes<\/strong><\/h2>\n\n\n\n<p>Aunque es seguro, existen aspectos que no deben ignorarse:<\/p>\n\n\n\n<h3 class=\"wp-block-heading\"><strong>Cambios hormonales<\/strong><\/h3>\n\n\n\n<p>Pueden activar nuevos fol\u00edculos, reduciendo la duraci\u00f3n de los resultados.<\/p>\n\n\n\n<h3 class=\"wp-block-heading\"><strong>Expectativas irreales<\/strong><\/h3>\n\n\n\n<p>Es importante entender que en adolescentes <strong>no siempre se logra una eliminaci\u00f3n permanente inmediata<\/strong>.<\/p>\n\n\n\n<h3 class=\"wp-block-heading\"><strong>Falta de seguimiento<\/strong><\/h3>\n\n\n\n<p>Abandonar el tratamiento antes de completar sesiones puede limitar los resultados.<\/p>\n\n\n\n<h2 class=\"wp-block-heading\"><strong>\u00bfCu\u00e1ntas sesiones necesita un adolescente?<\/strong><\/h2>\n\n\n\n<p>El n\u00famero de sesiones var\u00eda seg\u00fan cada caso, pero en general:<\/p>\n\n\n\n<ul class=\"wp-block-list\">\n<li><strong>6 a 8 sesiones iniciales<\/strong><\/li>\n\n\n\n<li>Mantenimiento cada 6 a 12 meses<\/li>\n<\/ul>\n\n\n\n<p>El intervalo entre sesiones suele ser de <strong>4 a 6 semanas<\/strong>, dependiendo del ciclo de crecimiento del vello.<\/p>\n\n\n\n<h2 class=\"wp-block-heading\"><strong>Recomendaciones antes de iniciar el tratamiento<\/strong><\/h2>\n\n\n\n<p>Para garantizar seguridad y efectividad:<\/p>\n\n\n\n<ul class=\"wp-block-list\">\n<li>Evitar exposici\u00f3n solar antes y despu\u00e9s de cada sesi\u00f3n<\/li>\n\n\n\n<li>No utilizar m\u00e9todos de arranque del vello (cera o pinza)<\/li>\n\n\n\n<li>Rasurar la zona antes del tratamiento<\/li>\n\n\n\n<li>Seguir indicaciones del especialista<\/li>\n<\/ul>\n\n\n\n<h2 class=\"wp-block-heading\"><strong>Depilaci\u00f3n l\u00e1ser vs m\u00e9todos tradicionales en adolescentes<\/strong><\/h2>\n\n\n\n<figure class=\"wp-block-table\"><table class=\"has-fixed-layout\"><tbody><tr><td><strong>M\u00e9todo<\/strong><\/td><td><strong>Duraci\u00f3n<\/strong><\/td><td><strong>Dolor<\/strong><\/td><td><strong>Efecto en piel<\/strong><\/td><\/tr><tr><td>Rasurado<\/td><td>Corto<\/td><td>Bajo<\/td><td>Irritaci\u00f3n frecuente<\/td><\/tr><tr><td>Cera<\/td><td>Medio<\/td><td>Alto<\/td><td>Puede causar foliculitis<\/td><\/tr><tr><td>L\u00e1ser<\/td><td>Largo<\/td><td>Bajo a medio<\/td><td>Mejora progresiva<\/td><\/tr><\/tbody><\/table><\/figure>\n\n\n\n<p>La diferencia clave est\u00e1 en que el l\u00e1ser <strong>act\u00faa directamente sobre la ra\u00edz<\/strong>, ofreciendo resultados mucho m\u00e1s eficientes a largo plazo.<\/p>\n\n\n\n<h2 class=\"wp-block-heading\"><strong>\u00bfCu\u00e1ndo NO es recomendable iniciar?<\/strong><\/h2>\n\n\n\n<p>Hay situaciones donde es mejor esperar:<\/p>\n\n\n\n<ul class=\"wp-block-list\">\n<li>Pubertad muy temprana<\/li>\n\n\n\n<li>Des\u00f3rdenes hormonales sin tratar<\/li>\n\n\n\n<li>Problemas dermatol\u00f3gicos activos<\/li>\n\n\n\n<li>Falta de evaluaci\u00f3n m\u00e9dica<\/li>\n<\/ul>\n\n\n\n<p>Iniciar sin estas consideraciones puede generar resultados poco efectivos o incluso afectar la piel.<\/p>\n\n\n\n<h2 class=\"wp-block-heading\"><strong>El papel de los padres en la decisi\u00f3n<\/strong><\/h2>\n\n\n\n<p>En adolescentes, la decisi\u00f3n debe ser acompa\u00f1ada por los padres, quienes deben:<\/p>\n\n\n\n<ul class=\"wp-block-list\">\n<li>Informarse adecuadamente<\/li>\n\n\n\n<li>Elegir centros especializados<\/li>\n\n\n\n<li>Supervisar el proceso<\/li>\n<\/ul>\n\n\n\n<p>La depilaci\u00f3n l\u00e1ser no debe verse como un capricho, sino como una <strong>decisi\u00f3n est\u00e9tica responsable y bien fundamentada<\/strong>.<\/p>\n\n\n\n<h2 class=\"wp-block-heading\"><strong>La edad correcta depende del desarrollo, no del n\u00famero<\/strong><\/h2>\n\n\n\n<p>La <strong>depilaci\u00f3n l\u00e1ser para adolescentes<\/strong> es una opci\u00f3n segura y efectiva cuando se realiza bajo supervisi\u00f3n profesional y con tecnolog\u00eda adecuada. M\u00e1s que fijar una edad exacta, lo importante es evaluar el desarrollo hormonal, la necesidad real del tratamiento y las expectativas del paciente.<\/p>\n\n\n\n<p>Elegir el momento adecuado y el centro correcto marca la diferencia entre un resultado exitoso y una experiencia frustrante.<\/p>\n\n\n\n<p><strong><em><br>Da el siguiente paso hacia una piel m\u00e1s saludable y libre de preocupaciones. Consulta con especialistas, eval\u00faa tu caso y descubre c\u00f3mo la tecnolog\u00eda adecuada puede transformar tu experiencia. <a href=\"https:\/\/depilacionlaser.pe\/contactenos\/\">Agenda hoy mismo una evaluaci\u00f3n profesional<\/a> y comienza tu proceso con seguridad y confianza.<\/em><\/strong><\/p>\n\n\n\n<p><\/p>\n","protected":false},"excerpt":{"rendered":"<p>La depilaci\u00f3n l\u00e1ser en adolescentes se ha convertido en una de las consultas m\u00e1s frecuentes en centros especializados como el Centro Est\u00e9tico M\u00e9ndez, donde cada vez m\u00e1s padres buscan alternativas seguras y efectivas para&#46;&#46;&#46;<\/p>\n","protected":false},"author":1,"featured_media":191,"comment_status":"open","ping_status":"open","sticky":false,"template":"","format":"standard","meta":{"_joinchat":[],"footnotes":""},"categories":[1],"tags":[11,77,78],"class_list":["post-189","post","type-post","status-publish","format-standard","has-post-thumbnail","hentry","category-depilacion-laser","tag-depilacion-laser","tag-depilacion-laser-adolescentes","tag-depilacion-laser-seguro-adolescentes"],"yoast_head":"<!-- This site is optimized with the Yoast SEO plugin v27.5 - https:\/\/yoast.com\/product\/yoast-seo-wordpress\/ -->\n<title>Depilaci\u00f3n l\u00e1ser para adolescentes: \u00bfA qu\u00e9 edad es realmente seguro comenzar? | Est\u00e9tica M\u00e9ndez<\/title>\n<meta name=\"description\" content=\"La depilaci\u00f3n l\u00e1ser en adolescentes se ha convertido en una de las consultas m\u00e1s frecuentes en centros especializados como el Centro Est\u00e9tico M\u00e9ndez,\" \/>\n<meta name=\"robots\" content=\"index, follow, max-snippet:-1, max-image-preview:large, max-video-preview:-1\" \/>\n<link rel=\"canonical\" href=\"https:\/\/depilacionlaser.pe\/blog\/depilacion-laser-adolescentes-a-que-edad-realmente-seguro\/\" \/>\n<meta property=\"og:locale\" content=\"es_ES\" \/>\n<meta property=\"og:type\" content=\"article\" \/>\n<meta property=\"og:title\" content=\"Depilaci\u00f3n l\u00e1ser para adolescentes: \u00bfA qu\u00e9 edad es realmente seguro comenzar? | Est\u00e9tica M\u00e9ndez\" \/>\n<meta property=\"og:description\" content=\"La depilaci\u00f3n l\u00e1ser en adolescentes se ha convertido en una de las consultas m\u00e1s frecuentes en centros especializados como el Centro Est\u00e9tico M\u00e9ndez,\" \/>\n<meta property=\"og:url\" content=\"https:\/\/depilacionlaser.pe\/blog\/depilacion-laser-adolescentes-a-que-edad-realmente-seguro\/\" \/>\n<meta property=\"og:site_name\" content=\"Blog de Tratamientos L\u00e1ser Per\u00fa\" \/>\n<meta property=\"article:publisher\" content=\"https:\/\/www.facebook.com\/cirugiaesteticayplasticaperu\" \/>\n<meta property=\"article:published_time\" content=\"2026-04-25T03:55:48+00:00\" \/>\n<meta property=\"article:modified_time\" content=\"2026-05-02T03:59:26+00:00\" \/>\n<meta property=\"og:image\" content=\"https:\/\/depilacionlaser.pe\/blog\/wp-content\/uploads\/2026\/05\/depilacion-laser-para-adolescentes.webp\" \/>\n\t<meta property=\"og:image:width\" content=\"750\" \/>\n\t<meta property=\"og:image:height\" content=\"450\" \/>\n\t<meta property=\"og:image:type\" content=\"image\/webp\" \/>\n<meta name=\"author\" content=\"depilacionblog\" \/>\n<meta name=\"twitter:card\" content=\"summary_large_image\" \/>\n<meta name=\"twitter:label1\" content=\"Written by\" \/>\n\t<meta name=\"twitter:data1\" content=\"depilacionblog\" \/>\n\t<meta name=\"twitter:label2\" content=\"Est. reading time\" \/>\n\t<meta name=\"twitter:data2\" content=\"5 minutos\" \/>\n<script type=\"application\/ld+json\" class=\"yoast-schema-graph\">{\"@context\":\"https:\\\/\\\/schema.org\",\"@graph\":[{\"@type\":\"Article\",\"@id\":\"https:\\\/\\\/depilacionlaser.pe\\\/blog\\\/depilacion-laser-adolescentes-a-que-edad-realmente-seguro\\\/#article\",\"isPartOf\":{\"@id\":\"https:\\\/\\\/depilacionlaser.pe\\\/blog\\\/depilacion-laser-adolescentes-a-que-edad-realmente-seguro\\\/\"},\"author\":{\"name\":\"depilacionblog\",\"@id\":\"https:\\\/\\\/depilacionlaser.pe\\\/blog\\\/#\\\/schema\\\/person\\\/61385c2438d2dca4e6914c898dbe3fd3\"},\"headline\":\"Depilaci\u00f3n l\u00e1ser para adolescentes: \u00bfA qu\u00e9 edad es realmente seguro comenzar?\",\"datePublished\":\"2026-04-25T03:55:48+00:00\",\"dateModified\":\"2026-05-02T03:59:26+00:00\",\"mainEntityOfPage\":{\"@id\":\"https:\\\/\\\/depilacionlaser.pe\\\/blog\\\/depilacion-laser-adolescentes-a-que-edad-realmente-seguro\\\/\"},\"wordCount\":1092,\"commentCount\":0,\"publisher\":{\"@id\":\"https:\\\/\\\/depilacionlaser.pe\\\/blog\\\/#organization\"},\"image\":{\"@id\":\"https:\\\/\\\/depilacionlaser.pe\\\/blog\\\/depilacion-laser-adolescentes-a-que-edad-realmente-seguro\\\/#primaryimage\"},\"thumbnailUrl\":\"https:\\\/\\\/depilacionlaser.pe\\\/blog\\\/wp-content\\\/uploads\\\/2026\\\/05\\\/depilacion-laser-para-adolescentes.webp\",\"keywords\":[\"depilacion laser\",\"depilacion laser adolescentes\",\"depilacion laser seguro adolescentes\"],\"articleSection\":[\"Depilaci\u00f3n l\u00e1ser\"],\"inLanguage\":\"es-PE\",\"potentialAction\":[{\"@type\":\"CommentAction\",\"name\":\"Comment\",\"target\":[\"https:\\\/\\\/depilacionlaser.pe\\\/blog\\\/depilacion-laser-adolescentes-a-que-edad-realmente-seguro\\\/#respond\"]}]},{\"@type\":\"WebPage\",\"@id\":\"https:\\\/\\\/depilacionlaser.pe\\\/blog\\\/depilacion-laser-adolescentes-a-que-edad-realmente-seguro\\\/\",\"url\":\"https:\\\/\\\/depilacionlaser.pe\\\/blog\\\/depilacion-laser-adolescentes-a-que-edad-realmente-seguro\\\/\",\"name\":\"Depilaci\u00f3n l\u00e1ser para adolescentes: \u00bfA qu\u00e9 edad es realmente seguro comenzar? | Est\u00e9tica M\u00e9ndez\",\"isPartOf\":{\"@id\":\"https:\\\/\\\/depilacionlaser.pe\\\/blog\\\/#website\"},\"primaryImageOfPage\":{\"@id\":\"https:\\\/\\\/depilacionlaser.pe\\\/blog\\\/depilacion-laser-adolescentes-a-que-edad-realmente-seguro\\\/#primaryimage\"},\"image\":{\"@id\":\"https:\\\/\\\/depilacionlaser.pe\\\/blog\\\/depilacion-laser-adolescentes-a-que-edad-realmente-seguro\\\/#primaryimage\"},\"thumbnailUrl\":\"https:\\\/\\\/depilacionlaser.pe\\\/blog\\\/wp-content\\\/uploads\\\/2026\\\/05\\\/depilacion-laser-para-adolescentes.webp\",\"datePublished\":\"2026-04-25T03:55:48+00:00\",\"dateModified\":\"2026-05-02T03:59:26+00:00\",\"description\":\"La depilaci\u00f3n l\u00e1ser en adolescentes se ha convertido en una de las consultas m\u00e1s frecuentes en centros especializados como el Centro Est\u00e9tico M\u00e9ndez,\",\"breadcrumb\":{\"@id\":\"https:\\\/\\\/depilacionlaser.pe\\\/blog\\\/depilacion-laser-adolescentes-a-que-edad-realmente-seguro\\\/#breadcrumb\"},\"inLanguage\":\"es-PE\",\"potentialAction\":[{\"@type\":\"ReadAction\",\"target\":[\"https:\\\/\\\/depilacionlaser.pe\\\/blog\\\/depilacion-laser-adolescentes-a-que-edad-realmente-seguro\\\/\"]}]},{\"@type\":\"ImageObject\",\"inLanguage\":\"es-PE\",\"@id\":\"https:\\\/\\\/depilacionlaser.pe\\\/blog\\\/depilacion-laser-adolescentes-a-que-edad-realmente-seguro\\\/#primaryimage\",\"url\":\"https:\\\/\\\/depilacionlaser.pe\\\/blog\\\/wp-content\\\/uploads\\\/2026\\\/05\\\/depilacion-laser-para-adolescentes.webp\",\"contentUrl\":\"https:\\\/\\\/depilacionlaser.pe\\\/blog\\\/wp-content\\\/uploads\\\/2026\\\/05\\\/depilacion-laser-para-adolescentes.webp\",\"width\":750,\"height\":450,\"caption\":\"depilacion-laser-para-adolescentes\"},{\"@type\":\"BreadcrumbList\",\"@id\":\"https:\\\/\\\/depilacionlaser.pe\\\/blog\\\/depilacion-laser-adolescentes-a-que-edad-realmente-seguro\\\/#breadcrumb\",\"itemListElement\":[{\"@type\":\"ListItem\",\"position\":1,\"name\":\"Portada\",\"item\":\"https:\\\/\\\/depilacionlaser.pe\\\/blog\\\/\"},{\"@type\":\"ListItem\",\"position\":2,\"name\":\"Depilaci\u00f3n l\u00e1ser para adolescentes: \u00bfA qu\u00e9 edad es realmente seguro comenzar?\"}]},{\"@type\":\"WebSite\",\"@id\":\"https:\\\/\\\/depilacionlaser.pe\\\/blog\\\/#website\",\"url\":\"https:\\\/\\\/depilacionlaser.pe\\\/blog\\\/\",\"name\":\"Blog de Tratamientos y Depilaci\u00f3n L\u00e1ser Per\u00fa\",\"description\":\"\",\"publisher\":{\"@id\":\"https:\\\/\\\/depilacionlaser.pe\\\/blog\\\/#organization\"},\"potentialAction\":[{\"@type\":\"SearchAction\",\"target\":{\"@type\":\"EntryPoint\",\"urlTemplate\":\"https:\\\/\\\/depilacionlaser.pe\\\/blog\\\/?s={search_term_string}\"},\"query-input\":{\"@type\":\"PropertyValueSpecification\",\"valueRequired\":true,\"valueName\":\"search_term_string\"}}],\"inLanguage\":\"es-PE\"},{\"@type\":\"Organization\",\"@id\":\"https:\\\/\\\/depilacionlaser.pe\\\/blog\\\/#organization\",\"name\":\"Centro Est\u00e9tica M\u00e9ndez\",\"url\":\"https:\\\/\\\/depilacionlaser.pe\\\/blog\\\/\",\"logo\":{\"@type\":\"ImageObject\",\"inLanguage\":\"es-PE\",\"@id\":\"https:\\\/\\\/depilacionlaser.pe\\\/blog\\\/#\\\/schema\\\/logo\\\/image\\\/\",\"url\":\"https:\\\/\\\/depilacionlaser.pe\\\/blog\\\/wp-content\\\/uploads\\\/2025\\\/10\\\/logo-estetica-laser-mendez-1.webp\",\"contentUrl\":\"https:\\\/\\\/depilacionlaser.pe\\\/blog\\\/wp-content\\\/uploads\\\/2025\\\/10\\\/logo-estetica-laser-mendez-1.webp\",\"width\":1380,\"height\":256,\"caption\":\"Centro Est\u00e9tica M\u00e9ndez\"},\"image\":{\"@id\":\"https:\\\/\\\/depilacionlaser.pe\\\/blog\\\/#\\\/schema\\\/logo\\\/image\\\/\"},\"sameAs\":[\"https:\\\/\\\/www.facebook.com\\\/cirugiaesteticayplasticaperu\",\"https:\\\/\\\/www.instagram.com\\\/draronmymendez\\\/\"]},{\"@type\":\"Person\",\"@id\":\"https:\\\/\\\/depilacionlaser.pe\\\/blog\\\/#\\\/schema\\\/person\\\/61385c2438d2dca4e6914c898dbe3fd3\",\"name\":\"depilacionblog\",\"image\":{\"@type\":\"ImageObject\",\"inLanguage\":\"es-PE\",\"@id\":\"https:\\\/\\\/secure.gravatar.com\\\/avatar\\\/f72e1f8c50893dadbff1efb15b1fe8f85757f0da3c99e5f15758726ff38a20b9?s=96&d=mm&r=g\",\"url\":\"https:\\\/\\\/secure.gravatar.com\\\/avatar\\\/f72e1f8c50893dadbff1efb15b1fe8f85757f0da3c99e5f15758726ff38a20b9?s=96&d=mm&r=g\",\"contentUrl\":\"https:\\\/\\\/secure.gravatar.com\\\/avatar\\\/f72e1f8c50893dadbff1efb15b1fe8f85757f0da3c99e5f15758726ff38a20b9?s=96&d=mm&r=g\",\"caption\":\"depilacionblog\"},\"sameAs\":[\"https:\\\/\\\/depilacionlaser.pe\\\/blog\"],\"url\":\"https:\\\/\\\/depilacionlaser.pe\\\/blog\\\/author\\\/depilacionblog\\\/\"}]}<\/script>\n<!-- \/ Yoast SEO plugin. -->","yoast_head_json":{"title":"Depilaci\u00f3n l\u00e1ser para adolescentes: \u00bfA qu\u00e9 edad es realmente seguro comenzar? | Est\u00e9tica M\u00e9ndez","description":"La depilaci\u00f3n l\u00e1ser en adolescentes se ha convertido en una de las consultas m\u00e1s frecuentes en centros especializados como el Centro Est\u00e9tico M\u00e9ndez,","robots":{"index":"index","follow":"follow","max-snippet":"max-snippet:-1","max-image-preview":"max-image-preview:large","max-video-preview":"max-video-preview:-1"},"canonical":"https:\/\/depilacionlaser.pe\/blog\/depilacion-laser-adolescentes-a-que-edad-realmente-seguro\/","og_locale":"es_ES","og_type":"article","og_title":"Depilaci\u00f3n l\u00e1ser para adolescentes: \u00bfA qu\u00e9 edad es realmente seguro comenzar? | Est\u00e9tica M\u00e9ndez","og_description":"La depilaci\u00f3n l\u00e1ser en adolescentes se ha convertido en una de las consultas m\u00e1s frecuentes en centros especializados como el Centro Est\u00e9tico M\u00e9ndez,","og_url":"https:\/\/depilacionlaser.pe\/blog\/depilacion-laser-adolescentes-a-que-edad-realmente-seguro\/","og_site_name":"Blog de Tratamientos L\u00e1ser Per\u00fa","article_publisher":"https:\/\/www.facebook.com\/cirugiaesteticayplasticaperu","article_published_time":"2026-04-25T03:55:48+00:00","article_modified_time":"2026-05-02T03:59:26+00:00","og_image":[{"width":750,"height":450,"url":"https:\/\/depilacionlaser.pe\/blog\/wp-content\/uploads\/2026\/05\/depilacion-laser-para-adolescentes.webp","type":"image\/webp"}],"author":"depilacionblog","twitter_card":"summary_large_image","twitter_misc":{"Written by":"depilacionblog","Est. reading time":"5 minutos"},"schema":{"@context":"https:\/\/schema.org","@graph":[{"@type":"Article","@id":"https:\/\/depilacionlaser.pe\/blog\/depilacion-laser-adolescentes-a-que-edad-realmente-seguro\/#article","isPartOf":{"@id":"https:\/\/depilacionlaser.pe\/blog\/depilacion-laser-adolescentes-a-que-edad-realmente-seguro\/"},"author":{"name":"depilacionblog","@id":"https:\/\/depilacionlaser.pe\/blog\/#\/schema\/person\/61385c2438d2dca4e6914c898dbe3fd3"},"headline":"Depilaci\u00f3n l\u00e1ser para adolescentes: \u00bfA qu\u00e9 edad es realmente seguro comenzar?","datePublished":"2026-04-25T03:55:48+00:00","dateModified":"2026-05-02T03:59:26+00:00","mainEntityOfPage":{"@id":"https:\/\/depilacionlaser.pe\/blog\/depilacion-laser-adolescentes-a-que-edad-realmente-seguro\/"},"wordCount":1092,"commentCount":0,"publisher":{"@id":"https:\/\/depilacionlaser.pe\/blog\/#organization"},"image":{"@id":"https:\/\/depilacionlaser.pe\/blog\/depilacion-laser-adolescentes-a-que-edad-realmente-seguro\/#primaryimage"},"thumbnailUrl":"https:\/\/depilacionlaser.pe\/blog\/wp-content\/uploads\/2026\/05\/depilacion-laser-para-adolescentes.webp","keywords":["depilacion laser","depilacion laser adolescentes","depilacion laser seguro adolescentes"],"articleSection":["Depilaci\u00f3n l\u00e1ser"],"inLanguage":"es-PE","potentialAction":[{"@type":"CommentAction","name":"Comment","target":["https:\/\/depilacionlaser.pe\/blog\/depilacion-laser-adolescentes-a-que-edad-realmente-seguro\/#respond"]}]},{"@type":"WebPage","@id":"https:\/\/depilacionlaser.pe\/blog\/depilacion-laser-adolescentes-a-que-edad-realmente-seguro\/","url":"https:\/\/depilacionlaser.pe\/blog\/depilacion-laser-adolescentes-a-que-edad-realmente-seguro\/","name":"Depilaci\u00f3n l\u00e1ser para adolescentes: \u00bfA qu\u00e9 edad es realmente seguro comenzar? | Est\u00e9tica M\u00e9ndez","isPartOf":{"@id":"https:\/\/depilacionlaser.pe\/blog\/#website"},"primaryImageOfPage":{"@id":"https:\/\/depilacionlaser.pe\/blog\/depilacion-laser-adolescentes-a-que-edad-realmente-seguro\/#primaryimage"},"image":{"@id":"https:\/\/depilacionlaser.pe\/blog\/depilacion-laser-adolescentes-a-que-edad-realmente-seguro\/#primaryimage"},"thumbnailUrl":"https:\/\/depilacionlaser.pe\/blog\/wp-content\/uploads\/2026\/05\/depilacion-laser-para-adolescentes.webp","datePublished":"2026-04-25T03:55:48+00:00","dateModified":"2026-05-02T03:59:26+00:00","description":"La depilaci\u00f3n l\u00e1ser en adolescentes se ha convertido en una de las consultas m\u00e1s frecuentes en centros especializados como el Centro Est\u00e9tico M\u00e9ndez,","breadcrumb":{"@id":"https:\/\/depilacionlaser.pe\/blog\/depilacion-laser-adolescentes-a-que-edad-realmente-seguro\/#breadcrumb"},"inLanguage":"es-PE","potentialAction":[{"@type":"ReadAction","target":["https:\/\/depilacionlaser.pe\/blog\/depilacion-laser-adolescentes-a-que-edad-realmente-seguro\/"]}]},{"@type":"ImageObject","inLanguage":"es-PE","@id":"https:\/\/depilacionlaser.pe\/blog\/depilacion-laser-adolescentes-a-que-edad-realmente-seguro\/#primaryimage","url":"https:\/\/depilacionlaser.pe\/blog\/wp-content\/uploads\/2026\/05\/depilacion-laser-para-adolescentes.webp","contentUrl":"https:\/\/depilacionlaser.pe\/blog\/wp-content\/uploads\/2026\/05\/depilacion-laser-para-adolescentes.webp","width":750,"height":450,"caption":"depilacion-laser-para-adolescentes"},{"@type":"BreadcrumbList","@id":"https:\/\/depilacionlaser.pe\/blog\/depilacion-laser-adolescentes-a-que-edad-realmente-seguro\/#breadcrumb","itemListElement":[{"@type":"ListItem","position":1,"name":"Portada","item":"https:\/\/depilacionlaser.pe\/blog\/"},{"@type":"ListItem","position":2,"name":"Depilaci\u00f3n l\u00e1ser para adolescentes: \u00bfA qu\u00e9 edad es realmente seguro comenzar?"}]},{"@type":"WebSite","@id":"https:\/\/depilacionlaser.pe\/blog\/#website","url":"https:\/\/depilacionlaser.pe\/blog\/","name":"Blog de Tratamientos y Depilaci\u00f3n L\u00e1ser Per\u00fa","description":"","publisher":{"@id":"https:\/\/depilacionlaser.pe\/blog\/#organization"},"potentialAction":[{"@type":"SearchAction","target":{"@type":"EntryPoint","urlTemplate":"https:\/\/depilacionlaser.pe\/blog\/?s={search_term_string}"},"query-input":{"@type":"PropertyValueSpecification","valueRequired":true,"valueName":"search_term_string"}}],"inLanguage":"es-PE"},{"@type":"Organization","@id":"https:\/\/depilacionlaser.pe\/blog\/#organization","name":"Centro Est\u00e9tica M\u00e9ndez","url":"https:\/\/depilacionlaser.pe\/blog\/","logo":{"@type":"ImageObject","inLanguage":"es-PE","@id":"https:\/\/depilacionlaser.pe\/blog\/#\/schema\/logo\/image\/","url":"https:\/\/depilacionlaser.pe\/blog\/wp-content\/uploads\/2025\/10\/logo-estetica-laser-mendez-1.webp","contentUrl":"https:\/\/depilacionlaser.pe\/blog\/wp-content\/uploads\/2025\/10\/logo-estetica-laser-mendez-1.webp","width":1380,"height":256,"caption":"Centro Est\u00e9tica M\u00e9ndez"},"image":{"@id":"https:\/\/depilacionlaser.pe\/blog\/#\/schema\/logo\/image\/"},"sameAs":["https:\/\/www.facebook.com\/cirugiaesteticayplasticaperu","https:\/\/www.instagram.com\/draronmymendez\/"]},{"@type":"Person","@id":"https:\/\/depilacionlaser.pe\/blog\/#\/schema\/person\/61385c2438d2dca4e6914c898dbe3fd3","name":"depilacionblog","image":{"@type":"ImageObject","inLanguage":"es-PE","@id":"https:\/\/secure.gravatar.com\/avatar\/f72e1f8c50893dadbff1efb15b1fe8f85757f0da3c99e5f15758726ff38a20b9?s=96&d=mm&r=g","url":"https:\/\/secure.gravatar.com\/avatar\/f72e1f8c50893dadbff1efb15b1fe8f85757f0da3c99e5f15758726ff38a20b9?s=96&d=mm&r=g","contentUrl":"https:\/\/secure.gravatar.com\/avatar\/f72e1f8c50893dadbff1efb15b1fe8f85757f0da3c99e5f15758726ff38a20b9?s=96&d=mm&r=g","caption":"depilacionblog"},"sameAs":["https:\/\/depilacionlaser.pe\/blog"],"url":"https:\/\/depilacionlaser.pe\/blog\/author\/depilacionblog\/"}]}},"_links":{"self":[{"href":"https:\/\/depilacionlaser.pe\/blog\/wp-json\/wp\/v2\/posts\/189","targetHints":{"allow":["GET"]}}],"collection":[{"href":"https:\/\/depilacionlaser.pe\/blog\/wp-json\/wp\/v2\/posts"}],"about":[{"href":"https:\/\/depilacionlaser.pe\/blog\/wp-json\/wp\/v2\/types\/post"}],"author":[{"embeddable":true,"href":"https:\/\/depilacionlaser.pe\/blog\/wp-json\/wp\/v2\/users\/1"}],"replies":[{"embeddable":true,"href":"https:\/\/depilacionlaser.pe\/blog\/wp-json\/wp\/v2\/comments?post=189"}],"version-history":[{"count":2,"href":"https:\/\/depilacionlaser.pe\/blog\/wp-json\/wp\/v2\/posts\/189\/revisions"}],"predecessor-version":[{"id":192,"href":"https:\/\/depilacionlaser.pe\/blog\/wp-json\/wp\/v2\/posts\/189\/revisions\/192"}],"wp:featuredmedia":[{"embeddable":true,"href":"https:\/\/depilacionlaser.pe\/blog\/wp-json\/wp\/v2\/media\/191"}],"wp:attachment":[{"href":"https:\/\/depilacionlaser.pe\/blog\/wp-json\/wp\/v2\/media?parent=189"}],"wp:term":[{"taxonomy":"category","embeddable":true,"href":"https:\/\/depilacionlaser.pe\/blog\/wp-json\/wp\/v2\/categories?post=189"},{"taxonomy":"post_tag","embeddable":true,"href":"https:\/\/depilacionlaser.pe\/blog\/wp-json\/wp\/v2\/tags?post=189"}],"curies":[{"name":"wp","href":"https:\/\/api.w.org\/{rel}","templated":true}]}}