{"id":120,"date":"2025-12-11T17:02:54","date_gmt":"2025-12-11T22:02:54","guid":{"rendered":"https:\/\/depilacionlaser.pe\/blog\/?p=120"},"modified":"2025-12-15T17:17:14","modified_gmt":"2025-12-15T22:17:14","slug":"laser-co2-para-arrugas-vale-la-pena-tratamiento","status":"publish","type":"post","link":"https:\/\/depilacionlaser.pe\/blog\/laser-co2-para-arrugas-vale-la-pena-tratamiento\/","title":{"rendered":"L\u00e1ser CO2 para arrugas: \u00bfVale la pena el tratamiento?"},"content":{"rendered":"\n<p>El <a href=\"https:\/\/depilacionlaser.pe\/rejuvenecimiento-facial-con-laser-co2\/\"><strong>l\u00e1ser CO2 para arrugas<\/strong><\/a> se ha consolidado como uno de los tratamientos m\u00e1s eficaces dentro de la medicina est\u00e9tica moderna para mejorar la calidad de la piel, atenuar l\u00edneas profundas y devolver firmeza al rostro. Evaluamos su verdadero alcance desde una perspectiva cl\u00ednica y est\u00e9tica, analizando resultados, indicaciones, proceso, recuperaci\u00f3n y seguridad, con el objetivo de ofrecer una visi\u00f3n clara y \u00fatil para quienes buscan un <strong>rejuvenecimiento facial efectivo y duradero<\/strong>.<\/p>\n\n\n\n<h2 class=\"wp-block-heading\"><strong>\u00bfQu\u00e9 es el l\u00e1ser CO2 y c\u00f3mo act\u00faa sobre las arrugas?<\/strong><\/h2>\n\n\n\n<p>El <strong>l\u00e1ser CO2 fraccionado<\/strong> emite una longitud de onda que interact\u00faa con el agua de la piel, generando microcolumnas t\u00e9rmicas controladas. Esta acci\u00f3n <strong>estimula la regeneraci\u00f3n celular y la producci\u00f3n de col\u00e1geno<\/strong> sin afectar de forma extensa el tejido circundante. El resultado es una <strong>renovaci\u00f3n profunda de la dermis<\/strong>, ideal para tratar <strong>arrugas marcadas<\/strong>, flacidez, poros dilatados y textura irregular.<\/p>\n\n\n\n<h2 class=\"wp-block-heading\"><strong>Beneficios reales del l\u00e1ser CO2 en el tratamiento de arrugas<\/strong><\/h2>\n\n\n\n<p>Los beneficios del <strong>tratamiento con l\u00e1ser CO2<\/strong> son cl\u00ednicamente observables y progresivos:<\/p>\n\n\n\n<ul class=\"wp-block-list\">\n<li>Reducci\u00f3n visible de arrugas profundas y l\u00edneas finas<\/li>\n\n\n\n<li>Mejora notable de la firmeza y elasticidad cut\u00e1nea<\/li>\n\n\n\n<li>Unificaci\u00f3n del tono y la textura de la piel<\/li>\n\n\n\n<li>Estimulaci\u00f3n intensa de col\u00e1geno y elastina<\/li>\n\n\n\n<li>Resultados duraderos con una sola sesi\u00f3n o sesiones limitadas<\/li>\n<\/ul>\n\n\n\n<p>Esta tecnolog\u00eda destaca por su <strong>precisi\u00f3n<\/strong>, permitiendo personalizar la intensidad seg\u00fan el tipo de piel y la profundidad de las arrugas.<\/p>\n\n\n\n<h2 class=\"wp-block-heading\"><strong>\u00bfPara qui\u00e9n est\u00e1 indicado el l\u00e1ser CO2 para arrugas?<\/strong><\/h2>\n\n\n\n<p>Indicamos el <strong>l\u00e1ser CO2<\/strong> a pacientes que presentan:<\/p>\n\n\n\n<ul class=\"wp-block-list\">\n<li>Arrugas profundas perioculares, peribucales o frontales<\/li>\n\n\n\n<li>Envejecimiento cut\u00e1neo avanzado<\/li>\n\n\n\n<li>P\u00e9rdida de firmeza y elasticidad<\/li>\n\n\n\n<li>Da\u00f1o solar acumulado<\/li>\n\n\n\n<li>Textura irregular y cicatrices superficiales<\/li>\n<\/ul>\n\n\n\n<p>No recomendamos el procedimiento en pieles con infecciones activas, trastornos de cicatrizaci\u00f3n o exposici\u00f3n solar reciente sin protecci\u00f3n adecuada.<\/p>\n\n\n\n<h2 class=\"wp-block-heading\"><strong>Proceso del tratamiento: evaluaci\u00f3n, sesi\u00f3n y cuidados<\/strong><\/h2>\n\n\n\n<h3 class=\"wp-block-heading\"><strong>Evaluaci\u00f3n personalizada<\/strong><\/h3>\n\n\n\n<p>Realizamos una <strong>valoraci\u00f3n cl\u00ednica integral<\/strong>, analizando el fototipo, la profundidad de las arrugas y los objetivos est\u00e9ticos. Esta etapa define la potencia y el n\u00famero de pases del l\u00e1ser.<\/p>\n\n\n\n<h3 class=\"wp-block-heading\"><strong>Sesi\u00f3n de tratamiento<\/strong><\/h3>\n\n\n\n<p>Aplicamos anestesia t\u00f3pica para garantizar confort. El procedimiento dura entre <strong>30 y 60 minutos<\/strong>, dependiendo del \u00e1rea tratada. La energ\u00eda del l\u00e1ser act\u00faa de forma fraccionada, asegurando <strong>seguridad y eficacia<\/strong>.<\/p>\n\n\n\n<h3 class=\"wp-block-heading\"><strong>Recuperaci\u00f3n y cuidados posteriores<\/strong><\/h3>\n\n\n\n<p>La recuperaci\u00f3n es progresiva. Durante los primeros d\u00edas se observa enrojecimiento y descamaci\u00f3n controlada. Indicamos:<\/p>\n\n\n\n<ul class=\"wp-block-list\">\n<li>Hidrataci\u00f3n intensiva<\/li>\n\n\n\n<li>Fotoprotecci\u00f3n estricta<\/li>\n\n\n\n<li>Evitar exposici\u00f3n solar directa<\/li>\n\n\n\n<li>Uso de dermocosm\u00e9ticos reparadores<\/li>\n<\/ul>\n\n\n\n<p>La <strong>renovaci\u00f3n visible<\/strong> comienza a partir de la primera semana y contin\u00faa mejorando durante los siguientes meses.<\/p>\n\n\n\n<h2 class=\"wp-block-heading\"><strong>Resultados esperados: \u00bfqu\u00e9 tan efectivos son?<\/strong><\/h2>\n\n\n\n<p>Los resultados del <strong>l\u00e1ser CO2 para arrugas<\/strong> son altamente satisfactorios cuando el tratamiento es bien indicado y ejecutado por profesionales. Observamos:<\/p>\n\n\n\n<ul class=\"wp-block-list\">\n<li>Piel m\u00e1s tersa y luminosa<\/li>\n\n\n\n<li>Arrugas significativamente atenuadas<\/li>\n\n\n\n<li>Aspecto rejuvenecido sin perder naturalidad<\/li>\n\n\n\n<li>Mejor\u00eda progresiva hasta 6 meses post tratamiento<\/li>\n<\/ul>\n\n\n\n<p>A diferencia de soluciones temporales, el l\u00e1ser CO2 <strong>trabaja la estructura profunda de la piel<\/strong>, lo que explica su efectividad sostenida.<\/p>\n\n\n\n<h2 class=\"wp-block-heading\"><strong>Comparaci\u00f3n con otros tratamientos antiedad<\/strong><\/h2>\n\n\n\n<p>Frente a opciones como toxina botul\u00ednica, rellenos d\u00e9rmicos o peelings qu\u00edmicos, el <strong>l\u00e1ser CO2<\/strong> ofrece:<\/p>\n\n\n\n<ul class=\"wp-block-list\">\n<li>Acci\u00f3n regenerativa profunda, no solo correctiva<\/li>\n\n\n\n<li>Resultados m\u00e1s duraderos<\/li>\n\n\n\n<li>Mejora integral de la calidad de la piel<\/li>\n\n\n\n<li>Menor dependencia de sesiones frecuentes<\/li>\n<\/ul>\n\n\n\n<p>Por ello, se posiciona como una alternativa avanzada para quienes buscan <strong>resultados visibles y estructurales<\/strong>.<\/p>\n\n\n\n<h2 class=\"wp-block-heading\"><strong>Riesgos y seguridad del tratamiento<\/strong><\/h2>\n\n\n\n<p>Cuando el procedimiento se realiza bajo protocolos m\u00e9dicos adecuados, los riesgos son m\u00ednimos. Los efectos transitorios m\u00e1s comunes incluyen enrojecimiento y sensibilidad temporal. La <strong>selecci\u00f3n correcta del paciente<\/strong> y la <strong>experiencia del especialista<\/strong> son factores determinantes para un resultado seguro y exitoso.<\/p>\n\n\n\n<h2 class=\"wp-block-heading\"><strong>Experiencia cl\u00ednica en Centro Est\u00e9tico M\u00e9ndez<\/strong><\/h2>\n\n\n\n<p>En <strong>Centro Est\u00e9tico M\u00e9ndez<\/strong>, abordamos el <strong>tratamiento con l\u00e1ser CO2 para arrugas<\/strong> con un enfoque m\u00e9dico-est\u00e9tico integral. Nuestra pr\u00e1ctica se basa en:<\/p>\n\n\n\n<ul class=\"wp-block-list\">\n<li>Evaluaciones personalizadas<\/li>\n\n\n\n<li>Tecnolog\u00eda l\u00e1ser de \u00faltima generaci\u00f3n<\/li>\n\n\n\n<li>Protocolos de seguridad estrictos<\/li>\n\n\n\n<li>Acompa\u00f1amiento continuo durante la recuperaci\u00f3n<\/li>\n<\/ul>\n\n\n\n<p>Este enfoque garantiza <strong>resultados naturales, progresivos y cl\u00ednicamente respaldados<\/strong>, priorizando la salud y la est\u00e9tica del paciente.<\/p>\n\n\n\n<h2 class=\"wp-block-heading\"><strong>\u00bfVale la pena el l\u00e1ser CO2 para las arrugas?<\/strong><\/h2>\n\n\n\n<p>Desde una perspectiva profesional, afirmamos que <strong>s\u00ed vale la pena<\/strong> cuando se busca un <strong>rejuvenecimiento facial profundo<\/strong>, una mejora real de la textura cut\u00e1nea y una reducci\u00f3n significativa de arrugas. Es una inversi\u00f3n est\u00e9tica que <strong>impacta positivamente en la calidad de la piel a largo plazo<\/strong>, especialmente en pacientes que desean resultados visibles sin recurrir a procedimientos invasivos.<br><br><em>En resumen, el <\/em><a href=\"https:\/\/depilacionlaser.pe\/rejuvenecimiento-facial-con-laser-co2\/\"><strong><em>l\u00e1ser CO2 para arrugas<\/em><\/strong><\/a><em> representa una de las soluciones m\u00e1s completas y efectivas en rejuvenecimiento facial. Su capacidad para estimular col\u00e1geno, renovar la dermis y mejorar la apariencia global de la piel lo posiciona como un tratamiento de alto valor est\u00e9tico. Con una correcta indicaci\u00f3n m\u00e9dica y cuidados posteriores adecuados, los resultados son consistentes, naturales y duraderos, especialmente cuando se realiza en centros especializados como <\/em><a href=\"https:\/\/depilacionlaser.pe\/\"><strong><em>Centro Est\u00e9tico M\u00e9ndez<\/em><\/strong><\/a><em>.<\/em><\/p>\n\n\n\n<p><\/p>\n","protected":false},"excerpt":{"rendered":"<p>El l\u00e1ser CO2 para arrugas se ha consolidado como uno de los tratamientos m\u00e1s eficaces dentro de la medicina est\u00e9tica moderna para mejorar la calidad de la piel, atenuar l\u00edneas profundas y devolver firmeza&#46;&#46;&#46;<\/p>\n","protected":false},"author":1,"featured_media":122,"comment_status":"open","ping_status":"open","sticky":false,"template":"","format":"standard","meta":{"_joinchat":[],"footnotes":""},"categories":[1],"tags":[],"class_list":["post-120","post","type-post","status-publish","format-standard","has-post-thumbnail","hentry","category-depilacion-laser"],"yoast_head":"<!-- This site is optimized with the Yoast SEO plugin v27.5 - https:\/\/yoast.com\/product\/yoast-seo-wordpress\/ -->\n<title>L\u00e1ser CO2 para arrugas: \u00bfVale la pena el tratamiento? | Est\u00e9tica M\u00e9ndez<\/title>\n<meta name=\"description\" content=\"El l\u00e1ser CO2 para arrugas se ha consolidado como uno de los tratamientos m\u00e1s eficaces dentro de la medicina est\u00e9tica moderna para mejorar la calidad de la\" \/>\n<meta name=\"robots\" content=\"index, follow, max-snippet:-1, max-image-preview:large, max-video-preview:-1\" \/>\n<link rel=\"canonical\" href=\"https:\/\/depilacionlaser.pe\/blog\/laser-co2-para-arrugas-vale-la-pena-tratamiento\/\" \/>\n<meta property=\"og:locale\" content=\"es_ES\" \/>\n<meta property=\"og:type\" content=\"article\" \/>\n<meta property=\"og:title\" content=\"L\u00e1ser CO2 para arrugas: \u00bfVale la pena el tratamiento? | Est\u00e9tica M\u00e9ndez\" \/>\n<meta property=\"og:description\" content=\"El l\u00e1ser CO2 para arrugas se ha consolidado como uno de los tratamientos m\u00e1s eficaces dentro de la medicina est\u00e9tica moderna para mejorar la calidad de la\" \/>\n<meta property=\"og:url\" content=\"https:\/\/depilacionlaser.pe\/blog\/laser-co2-para-arrugas-vale-la-pena-tratamiento\/\" \/>\n<meta property=\"og:site_name\" content=\"Blog de Tratamientos L\u00e1ser Per\u00fa\" \/>\n<meta property=\"article:publisher\" content=\"https:\/\/www.facebook.com\/cirugiaesteticayplasticaperu\" \/>\n<meta property=\"article:published_time\" content=\"2025-12-11T22:02:54+00:00\" \/>\n<meta property=\"article:modified_time\" content=\"2025-12-15T22:17:14+00:00\" \/>\n<meta property=\"og:image\" content=\"https:\/\/depilacionlaser.pe\/blog\/wp-content\/uploads\/2025\/12\/laser-co2-arrugas-vale-la-pena-tratmaiento.webp\" \/>\n\t<meta property=\"og:image:width\" content=\"750\" \/>\n\t<meta property=\"og:image:height\" content=\"450\" \/>\n\t<meta property=\"og:image:type\" content=\"image\/webp\" \/>\n<meta name=\"author\" content=\"depilacionblog\" \/>\n<meta name=\"twitter:card\" content=\"summary_large_image\" \/>\n<meta name=\"twitter:label1\" content=\"Written by\" \/>\n\t<meta name=\"twitter:data1\" content=\"depilacionblog\" \/>\n\t<meta name=\"twitter:label2\" content=\"Est. reading time\" \/>\n\t<meta name=\"twitter:data2\" content=\"4 minutos\" \/>\n<script type=\"application\/ld+json\" class=\"yoast-schema-graph\">{\"@context\":\"https:\\\/\\\/schema.org\",\"@graph\":[{\"@type\":\"Article\",\"@id\":\"https:\\\/\\\/depilacionlaser.pe\\\/blog\\\/laser-co2-para-arrugas-vale-la-pena-tratamiento\\\/#article\",\"isPartOf\":{\"@id\":\"https:\\\/\\\/depilacionlaser.pe\\\/blog\\\/laser-co2-para-arrugas-vale-la-pena-tratamiento\\\/\"},\"author\":{\"name\":\"depilacionblog\",\"@id\":\"https:\\\/\\\/depilacionlaser.pe\\\/blog\\\/#\\\/schema\\\/person\\\/61385c2438d2dca4e6914c898dbe3fd3\"},\"headline\":\"L\u00e1ser CO2 para arrugas: \u00bfVale la pena el tratamiento?\",\"datePublished\":\"2025-12-11T22:02:54+00:00\",\"dateModified\":\"2025-12-15T22:17:14+00:00\",\"mainEntityOfPage\":{\"@id\":\"https:\\\/\\\/depilacionlaser.pe\\\/blog\\\/laser-co2-para-arrugas-vale-la-pena-tratamiento\\\/\"},\"wordCount\":889,\"commentCount\":0,\"publisher\":{\"@id\":\"https:\\\/\\\/depilacionlaser.pe\\\/blog\\\/#organization\"},\"image\":{\"@id\":\"https:\\\/\\\/depilacionlaser.pe\\\/blog\\\/laser-co2-para-arrugas-vale-la-pena-tratamiento\\\/#primaryimage\"},\"thumbnailUrl\":\"https:\\\/\\\/depilacionlaser.pe\\\/blog\\\/wp-content\\\/uploads\\\/2025\\\/12\\\/laser-co2-arrugas-vale-la-pena-tratmaiento.webp\",\"articleSection\":[\"Depilaci\u00f3n l\u00e1ser\"],\"inLanguage\":\"es-PE\",\"potentialAction\":[{\"@type\":\"CommentAction\",\"name\":\"Comment\",\"target\":[\"https:\\\/\\\/depilacionlaser.pe\\\/blog\\\/laser-co2-para-arrugas-vale-la-pena-tratamiento\\\/#respond\"]}]},{\"@type\":\"WebPage\",\"@id\":\"https:\\\/\\\/depilacionlaser.pe\\\/blog\\\/laser-co2-para-arrugas-vale-la-pena-tratamiento\\\/\",\"url\":\"https:\\\/\\\/depilacionlaser.pe\\\/blog\\\/laser-co2-para-arrugas-vale-la-pena-tratamiento\\\/\",\"name\":\"L\u00e1ser CO2 para arrugas: \u00bfVale la pena el tratamiento? | Est\u00e9tica M\u00e9ndez\",\"isPartOf\":{\"@id\":\"https:\\\/\\\/depilacionlaser.pe\\\/blog\\\/#website\"},\"primaryImageOfPage\":{\"@id\":\"https:\\\/\\\/depilacionlaser.pe\\\/blog\\\/laser-co2-para-arrugas-vale-la-pena-tratamiento\\\/#primaryimage\"},\"image\":{\"@id\":\"https:\\\/\\\/depilacionlaser.pe\\\/blog\\\/laser-co2-para-arrugas-vale-la-pena-tratamiento\\\/#primaryimage\"},\"thumbnailUrl\":\"https:\\\/\\\/depilacionlaser.pe\\\/blog\\\/wp-content\\\/uploads\\\/2025\\\/12\\\/laser-co2-arrugas-vale-la-pena-tratmaiento.webp\",\"datePublished\":\"2025-12-11T22:02:54+00:00\",\"dateModified\":\"2025-12-15T22:17:14+00:00\",\"description\":\"El l\u00e1ser CO2 para arrugas se ha consolidado como uno de los tratamientos m\u00e1s eficaces dentro de la medicina est\u00e9tica moderna para mejorar la calidad de la\",\"breadcrumb\":{\"@id\":\"https:\\\/\\\/depilacionlaser.pe\\\/blog\\\/laser-co2-para-arrugas-vale-la-pena-tratamiento\\\/#breadcrumb\"},\"inLanguage\":\"es-PE\",\"potentialAction\":[{\"@type\":\"ReadAction\",\"target\":[\"https:\\\/\\\/depilacionlaser.pe\\\/blog\\\/laser-co2-para-arrugas-vale-la-pena-tratamiento\\\/\"]}]},{\"@type\":\"ImageObject\",\"inLanguage\":\"es-PE\",\"@id\":\"https:\\\/\\\/depilacionlaser.pe\\\/blog\\\/laser-co2-para-arrugas-vale-la-pena-tratamiento\\\/#primaryimage\",\"url\":\"https:\\\/\\\/depilacionlaser.pe\\\/blog\\\/wp-content\\\/uploads\\\/2025\\\/12\\\/laser-co2-arrugas-vale-la-pena-tratmaiento.webp\",\"contentUrl\":\"https:\\\/\\\/depilacionlaser.pe\\\/blog\\\/wp-content\\\/uploads\\\/2025\\\/12\\\/laser-co2-arrugas-vale-la-pena-tratmaiento.webp\",\"width\":750,\"height\":450,\"caption\":\"laser-co2-arrugas-vale-la-pena-tratmaiento\"},{\"@type\":\"BreadcrumbList\",\"@id\":\"https:\\\/\\\/depilacionlaser.pe\\\/blog\\\/laser-co2-para-arrugas-vale-la-pena-tratamiento\\\/#breadcrumb\",\"itemListElement\":[{\"@type\":\"ListItem\",\"position\":1,\"name\":\"Portada\",\"item\":\"https:\\\/\\\/depilacionlaser.pe\\\/blog\\\/\"},{\"@type\":\"ListItem\",\"position\":2,\"name\":\"L\u00e1ser CO2 para arrugas: \u00bfVale la pena el tratamiento?\"}]},{\"@type\":\"WebSite\",\"@id\":\"https:\\\/\\\/depilacionlaser.pe\\\/blog\\\/#website\",\"url\":\"https:\\\/\\\/depilacionlaser.pe\\\/blog\\\/\",\"name\":\"Blog de Tratamientos y Depilaci\u00f3n L\u00e1ser Per\u00fa\",\"description\":\"\",\"publisher\":{\"@id\":\"https:\\\/\\\/depilacionlaser.pe\\\/blog\\\/#organization\"},\"potentialAction\":[{\"@type\":\"SearchAction\",\"target\":{\"@type\":\"EntryPoint\",\"urlTemplate\":\"https:\\\/\\\/depilacionlaser.pe\\\/blog\\\/?s={search_term_string}\"},\"query-input\":{\"@type\":\"PropertyValueSpecification\",\"valueRequired\":true,\"valueName\":\"search_term_string\"}}],\"inLanguage\":\"es-PE\"},{\"@type\":\"Organization\",\"@id\":\"https:\\\/\\\/depilacionlaser.pe\\\/blog\\\/#organization\",\"name\":\"Centro Est\u00e9tica M\u00e9ndez\",\"url\":\"https:\\\/\\\/depilacionlaser.pe\\\/blog\\\/\",\"logo\":{\"@type\":\"ImageObject\",\"inLanguage\":\"es-PE\",\"@id\":\"https:\\\/\\\/depilacionlaser.pe\\\/blog\\\/#\\\/schema\\\/logo\\\/image\\\/\",\"url\":\"https:\\\/\\\/depilacionlaser.pe\\\/blog\\\/wp-content\\\/uploads\\\/2025\\\/10\\\/logo-estetica-laser-mendez-1.webp\",\"contentUrl\":\"https:\\\/\\\/depilacionlaser.pe\\\/blog\\\/wp-content\\\/uploads\\\/2025\\\/10\\\/logo-estetica-laser-mendez-1.webp\",\"width\":1380,\"height\":256,\"caption\":\"Centro Est\u00e9tica M\u00e9ndez\"},\"image\":{\"@id\":\"https:\\\/\\\/depilacionlaser.pe\\\/blog\\\/#\\\/schema\\\/logo\\\/image\\\/\"},\"sameAs\":[\"https:\\\/\\\/www.facebook.com\\\/cirugiaesteticayplasticaperu\",\"https:\\\/\\\/www.instagram.com\\\/draronmymendez\\\/\"]},{\"@type\":\"Person\",\"@id\":\"https:\\\/\\\/depilacionlaser.pe\\\/blog\\\/#\\\/schema\\\/person\\\/61385c2438d2dca4e6914c898dbe3fd3\",\"name\":\"depilacionblog\",\"image\":{\"@type\":\"ImageObject\",\"inLanguage\":\"es-PE\",\"@id\":\"https:\\\/\\\/secure.gravatar.com\\\/avatar\\\/f72e1f8c50893dadbff1efb15b1fe8f85757f0da3c99e5f15758726ff38a20b9?s=96&d=mm&r=g\",\"url\":\"https:\\\/\\\/secure.gravatar.com\\\/avatar\\\/f72e1f8c50893dadbff1efb15b1fe8f85757f0da3c99e5f15758726ff38a20b9?s=96&d=mm&r=g\",\"contentUrl\":\"https:\\\/\\\/secure.gravatar.com\\\/avatar\\\/f72e1f8c50893dadbff1efb15b1fe8f85757f0da3c99e5f15758726ff38a20b9?s=96&d=mm&r=g\",\"caption\":\"depilacionblog\"},\"sameAs\":[\"https:\\\/\\\/depilacionlaser.pe\\\/blog\"],\"url\":\"https:\\\/\\\/depilacionlaser.pe\\\/blog\\\/author\\\/depilacionblog\\\/\"}]}<\/script>\n<!-- \/ Yoast SEO plugin. -->","yoast_head_json":{"title":"L\u00e1ser CO2 para arrugas: \u00bfVale la pena el tratamiento? | Est\u00e9tica M\u00e9ndez","description":"El l\u00e1ser CO2 para arrugas se ha consolidado como uno de los tratamientos m\u00e1s eficaces dentro de la medicina est\u00e9tica moderna para mejorar la calidad de la","robots":{"index":"index","follow":"follow","max-snippet":"max-snippet:-1","max-image-preview":"max-image-preview:large","max-video-preview":"max-video-preview:-1"},"canonical":"https:\/\/depilacionlaser.pe\/blog\/laser-co2-para-arrugas-vale-la-pena-tratamiento\/","og_locale":"es_ES","og_type":"article","og_title":"L\u00e1ser CO2 para arrugas: \u00bfVale la pena el tratamiento? | Est\u00e9tica M\u00e9ndez","og_description":"El l\u00e1ser CO2 para arrugas se ha consolidado como uno de los tratamientos m\u00e1s eficaces dentro de la medicina est\u00e9tica moderna para mejorar la calidad de la","og_url":"https:\/\/depilacionlaser.pe\/blog\/laser-co2-para-arrugas-vale-la-pena-tratamiento\/","og_site_name":"Blog de Tratamientos L\u00e1ser Per\u00fa","article_publisher":"https:\/\/www.facebook.com\/cirugiaesteticayplasticaperu","article_published_time":"2025-12-11T22:02:54+00:00","article_modified_time":"2025-12-15T22:17:14+00:00","og_image":[{"width":750,"height":450,"url":"https:\/\/depilacionlaser.pe\/blog\/wp-content\/uploads\/2025\/12\/laser-co2-arrugas-vale-la-pena-tratmaiento.webp","type":"image\/webp"}],"author":"depilacionblog","twitter_card":"summary_large_image","twitter_misc":{"Written by":"depilacionblog","Est. reading time":"4 minutos"},"schema":{"@context":"https:\/\/schema.org","@graph":[{"@type":"Article","@id":"https:\/\/depilacionlaser.pe\/blog\/laser-co2-para-arrugas-vale-la-pena-tratamiento\/#article","isPartOf":{"@id":"https:\/\/depilacionlaser.pe\/blog\/laser-co2-para-arrugas-vale-la-pena-tratamiento\/"},"author":{"name":"depilacionblog","@id":"https:\/\/depilacionlaser.pe\/blog\/#\/schema\/person\/61385c2438d2dca4e6914c898dbe3fd3"},"headline":"L\u00e1ser CO2 para arrugas: \u00bfVale la pena el tratamiento?","datePublished":"2025-12-11T22:02:54+00:00","dateModified":"2025-12-15T22:17:14+00:00","mainEntityOfPage":{"@id":"https:\/\/depilacionlaser.pe\/blog\/laser-co2-para-arrugas-vale-la-pena-tratamiento\/"},"wordCount":889,"commentCount":0,"publisher":{"@id":"https:\/\/depilacionlaser.pe\/blog\/#organization"},"image":{"@id":"https:\/\/depilacionlaser.pe\/blog\/laser-co2-para-arrugas-vale-la-pena-tratamiento\/#primaryimage"},"thumbnailUrl":"https:\/\/depilacionlaser.pe\/blog\/wp-content\/uploads\/2025\/12\/laser-co2-arrugas-vale-la-pena-tratmaiento.webp","articleSection":["Depilaci\u00f3n l\u00e1ser"],"inLanguage":"es-PE","potentialAction":[{"@type":"CommentAction","name":"Comment","target":["https:\/\/depilacionlaser.pe\/blog\/laser-co2-para-arrugas-vale-la-pena-tratamiento\/#respond"]}]},{"@type":"WebPage","@id":"https:\/\/depilacionlaser.pe\/blog\/laser-co2-para-arrugas-vale-la-pena-tratamiento\/","url":"https:\/\/depilacionlaser.pe\/blog\/laser-co2-para-arrugas-vale-la-pena-tratamiento\/","name":"L\u00e1ser CO2 para arrugas: \u00bfVale la pena el tratamiento? | Est\u00e9tica M\u00e9ndez","isPartOf":{"@id":"https:\/\/depilacionlaser.pe\/blog\/#website"},"primaryImageOfPage":{"@id":"https:\/\/depilacionlaser.pe\/blog\/laser-co2-para-arrugas-vale-la-pena-tratamiento\/#primaryimage"},"image":{"@id":"https:\/\/depilacionlaser.pe\/blog\/laser-co2-para-arrugas-vale-la-pena-tratamiento\/#primaryimage"},"thumbnailUrl":"https:\/\/depilacionlaser.pe\/blog\/wp-content\/uploads\/2025\/12\/laser-co2-arrugas-vale-la-pena-tratmaiento.webp","datePublished":"2025-12-11T22:02:54+00:00","dateModified":"2025-12-15T22:17:14+00:00","description":"El l\u00e1ser CO2 para arrugas se ha consolidado como uno de los tratamientos m\u00e1s eficaces dentro de la medicina est\u00e9tica moderna para mejorar la calidad de la","breadcrumb":{"@id":"https:\/\/depilacionlaser.pe\/blog\/laser-co2-para-arrugas-vale-la-pena-tratamiento\/#breadcrumb"},"inLanguage":"es-PE","potentialAction":[{"@type":"ReadAction","target":["https:\/\/depilacionlaser.pe\/blog\/laser-co2-para-arrugas-vale-la-pena-tratamiento\/"]}]},{"@type":"ImageObject","inLanguage":"es-PE","@id":"https:\/\/depilacionlaser.pe\/blog\/laser-co2-para-arrugas-vale-la-pena-tratamiento\/#primaryimage","url":"https:\/\/depilacionlaser.pe\/blog\/wp-content\/uploads\/2025\/12\/laser-co2-arrugas-vale-la-pena-tratmaiento.webp","contentUrl":"https:\/\/depilacionlaser.pe\/blog\/wp-content\/uploads\/2025\/12\/laser-co2-arrugas-vale-la-pena-tratmaiento.webp","width":750,"height":450,"caption":"laser-co2-arrugas-vale-la-pena-tratmaiento"},{"@type":"BreadcrumbList","@id":"https:\/\/depilacionlaser.pe\/blog\/laser-co2-para-arrugas-vale-la-pena-tratamiento\/#breadcrumb","itemListElement":[{"@type":"ListItem","position":1,"name":"Portada","item":"https:\/\/depilacionlaser.pe\/blog\/"},{"@type":"ListItem","position":2,"name":"L\u00e1ser CO2 para arrugas: \u00bfVale la pena el tratamiento?"}]},{"@type":"WebSite","@id":"https:\/\/depilacionlaser.pe\/blog\/#website","url":"https:\/\/depilacionlaser.pe\/blog\/","name":"Blog de Tratamientos y Depilaci\u00f3n L\u00e1ser Per\u00fa","description":"","publisher":{"@id":"https:\/\/depilacionlaser.pe\/blog\/#organization"},"potentialAction":[{"@type":"SearchAction","target":{"@type":"EntryPoint","urlTemplate":"https:\/\/depilacionlaser.pe\/blog\/?s={search_term_string}"},"query-input":{"@type":"PropertyValueSpecification","valueRequired":true,"valueName":"search_term_string"}}],"inLanguage":"es-PE"},{"@type":"Organization","@id":"https:\/\/depilacionlaser.pe\/blog\/#organization","name":"Centro Est\u00e9tica M\u00e9ndez","url":"https:\/\/depilacionlaser.pe\/blog\/","logo":{"@type":"ImageObject","inLanguage":"es-PE","@id":"https:\/\/depilacionlaser.pe\/blog\/#\/schema\/logo\/image\/","url":"https:\/\/depilacionlaser.pe\/blog\/wp-content\/uploads\/2025\/10\/logo-estetica-laser-mendez-1.webp","contentUrl":"https:\/\/depilacionlaser.pe\/blog\/wp-content\/uploads\/2025\/10\/logo-estetica-laser-mendez-1.webp","width":1380,"height":256,"caption":"Centro Est\u00e9tica M\u00e9ndez"},"image":{"@id":"https:\/\/depilacionlaser.pe\/blog\/#\/schema\/logo\/image\/"},"sameAs":["https:\/\/www.facebook.com\/cirugiaesteticayplasticaperu","https:\/\/www.instagram.com\/draronmymendez\/"]},{"@type":"Person","@id":"https:\/\/depilacionlaser.pe\/blog\/#\/schema\/person\/61385c2438d2dca4e6914c898dbe3fd3","name":"depilacionblog","image":{"@type":"ImageObject","inLanguage":"es-PE","@id":"https:\/\/secure.gravatar.com\/avatar\/f72e1f8c50893dadbff1efb15b1fe8f85757f0da3c99e5f15758726ff38a20b9?s=96&d=mm&r=g","url":"https:\/\/secure.gravatar.com\/avatar\/f72e1f8c50893dadbff1efb15b1fe8f85757f0da3c99e5f15758726ff38a20b9?s=96&d=mm&r=g","contentUrl":"https:\/\/secure.gravatar.com\/avatar\/f72e1f8c50893dadbff1efb15b1fe8f85757f0da3c99e5f15758726ff38a20b9?s=96&d=mm&r=g","caption":"depilacionblog"},"sameAs":["https:\/\/depilacionlaser.pe\/blog"],"url":"https:\/\/depilacionlaser.pe\/blog\/author\/depilacionblog\/"}]}},"_links":{"self":[{"href":"https:\/\/depilacionlaser.pe\/blog\/wp-json\/wp\/v2\/posts\/120","targetHints":{"allow":["GET"]}}],"collection":[{"href":"https:\/\/depilacionlaser.pe\/blog\/wp-json\/wp\/v2\/posts"}],"about":[{"href":"https:\/\/depilacionlaser.pe\/blog\/wp-json\/wp\/v2\/types\/post"}],"author":[{"embeddable":true,"href":"https:\/\/depilacionlaser.pe\/blog\/wp-json\/wp\/v2\/users\/1"}],"replies":[{"embeddable":true,"href":"https:\/\/depilacionlaser.pe\/blog\/wp-json\/wp\/v2\/comments?post=120"}],"version-history":[{"count":1,"href":"https:\/\/depilacionlaser.pe\/blog\/wp-json\/wp\/v2\/posts\/120\/revisions"}],"predecessor-version":[{"id":121,"href":"https:\/\/depilacionlaser.pe\/blog\/wp-json\/wp\/v2\/posts\/120\/revisions\/121"}],"wp:featuredmedia":[{"embeddable":true,"href":"https:\/\/depilacionlaser.pe\/blog\/wp-json\/wp\/v2\/media\/122"}],"wp:attachment":[{"href":"https:\/\/depilacionlaser.pe\/blog\/wp-json\/wp\/v2\/media?parent=120"}],"wp:term":[{"taxonomy":"category","embeddable":true,"href":"https:\/\/depilacionlaser.pe\/blog\/wp-json\/wp\/v2\/categories?post=120"},{"taxonomy":"post_tag","embeddable":true,"href":"https:\/\/depilacionlaser.pe\/blog\/wp-json\/wp\/v2\/tags?post=120"}],"curies":[{"name":"wp","href":"https:\/\/api.w.org\/{rel}","templated":true}]}}